{"id":85706,"date":"2019-05-08T23:29:56","date_gmt":"2019-05-08T21:29:56","guid":{"rendered":"http:\/\/www.tucomarca.com\/wordpress\/segunda\/?p=85706"},"modified":"2019-05-08T23:29:56","modified_gmt":"2019-05-08T21:29:56","slug":"el-bunyol-que-tu-vols-lema-de-campanya-desquerra-unida-a-la-localitat","status":"publish","type":"post","link":"https:\/\/www.tucomarca.com\/wordpress\/segunda\/ca\/el-bunyol-que-tu-vols-lema-de-campanya-desquerra-unida-a-la-localitat\/","title":{"rendered":"&#8220;El Bunyol que tu vols&#8221;, lema de campanya d&#8217;Esquerra Unida a la localitat"},"content":{"rendered":"<p>Esquerra Unida de Bunyol ja t\u00e9 el seu lema per a la campanya electoral del proper 26 de maig. El lema amb el qual concorrer\u00e0 la formaci\u00f3 \u00e9s el de &#8220;El Bunyol que tu vols&#8221;; i fa &#8220;al\u00b7lusi\u00f3 al fet que serem capa\u00e7os d&#8217;aconseguir que els bunyolers i bunyoleres se sentin orgullosos del seu poble&#8221;.<\/p>\n<p>&#8220;A m\u00e9s volem que la ciutadania sigui part indispensable en la gesti\u00f3 municipal i en el dia a dia, ens cal tamb\u00e9 una ciutadania que es mobilitzi, que col\u00b7labori, que aporti i ens ajudi a que Bunyol es converteixi en el poble que tots i totes volem&#8221; .<\/p>\n<p>&#8220;A m\u00e9s el c\u00e0ntic ja conegut de &#8216;Bunyol t&#8217;estimo&#8217; volem que ens acompanyi en aquesta campanya electoral perqu\u00e8 creiem que \u00e9s necessari en la pol\u00edtica, m\u00e9s afecte, menys conflictivitat i tots els partits devem donar exemple que el que realment ens mou s\u00f3n els interessos de tots i de totes i no qui porta m\u00e9s ra\u00f3, i sobretot hem de voler-nos tots i totes m\u00e9s i millor, cal que aquesta campanya sigui per buscar solucions als problemes i que hi hagi molt de respecte, primer a Bunyol i als ciutadans per part dels partits pol\u00edtics per\u00f2 tamb\u00e9 de tots els bunyolers i bunyoleres, amb la uni\u00f3 i el vam comprar de tots aconseguirem el que ens proposem &#8220;, han manifestat des de la formaci\u00f3.<\/p>\n","protected":false},"excerpt":{"rendered":"<div class=\"mh-excerpt\">Esquerra Unida de Bunyol ja t\u00e9 el seu lema per a la campanya electoral del proper 26 de maig. El lema amb el qual concorrer\u00e0 la formaci\u00f3 \u00e9s el de &#8220;El Bunyol que tu vols&#8221;; <a class=\"mh-excerpt-more\" href=\"https:\/\/www.tucomarca.com\/wordpress\/segunda\/ca\/el-bunyol-que-tu-vols-lema-de-campanya-desquerra-unida-a-la-localitat\/\" title=\"&#8220;El Bunyol que tu vols&#8221;, lema de campanya d&#8217;Esquerra Unida a la localitat\">[+] <\/a><\/div>\n","protected":false},"author":1,"featured_media":80616,"comment_status":"open","ping_status":"open","sticky":false,"template":"","format":"standard","meta":{"footnotes":""},"categories":[10911,10894,10912,10947,10896],"tags":[10913,11314],"class_list":{"0":"post-85706","1":"post","2":"type-post","3":"status-publish","4":"format-standard","5":"has-post-thumbnail","7":"category-bunol-ca","8":"category-la-comarca-ca","9":"category-la-hoya-ca","10":"category-politica","11":"category-seccion-ca","12":"tag-bunol-ca","13":"tag-bunyol-ca"},"_links":{"self":[{"href":"https:\/\/www.tucomarca.com\/wordpress\/segunda\/ca\/wp-json\/wp\/v2\/posts\/85706","targetHints":{"allow":["GET"]}}],"collection":[{"href":"https:\/\/www.tucomarca.com\/wordpress\/segunda\/ca\/wp-json\/wp\/v2\/posts"}],"about":[{"href":"https:\/\/www.tucomarca.com\/wordpress\/segunda\/ca\/wp-json\/wp\/v2\/types\/post"}],"author":[{"embeddable":true,"href":"https:\/\/www.tucomarca.com\/wordpress\/segunda\/ca\/wp-json\/wp\/v2\/users\/1"}],"replies":[{"embeddable":true,"href":"https:\/\/www.tucomarca.com\/wordpress\/segunda\/ca\/wp-json\/wp\/v2\/comments?post=85706"}],"version-history":[{"count":0,"href":"https:\/\/www.tucomarca.com\/wordpress\/segunda\/ca\/wp-json\/wp\/v2\/posts\/85706\/revisions"}],"wp:featuredmedia":[{"embeddable":true,"href":"https:\/\/www.tucomarca.com\/wordpress\/segunda\/ca\/wp-json\/wp\/v2\/media\/80616"}],"wp:attachment":[{"href":"https:\/\/www.tucomarca.com\/wordpress\/segunda\/ca\/wp-json\/wp\/v2\/media?parent=85706"}],"wp:term":[{"taxonomy":"category","embeddable":true,"href":"https:\/\/www.tucomarca.com\/wordpress\/segunda\/ca\/wp-json\/wp\/v2\/categories?post=85706"},{"taxonomy":"post_tag","embeddable":true,"href":"https:\/\/www.tucomarca.com\/wordpress\/segunda\/ca\/wp-json\/wp\/v2\/tags?post=85706"}],"curies":[{"name":"wp","href":"https:\/\/api.w.org\/{rel}","templated":true}]}}