{"id":86071,"date":"2019-05-13T20:54:10","date_gmt":"2019-05-13T18:54:10","guid":{"rendered":"http:\/\/www.tucomarca.com\/wordpress\/segunda\/?p=86071"},"modified":"2019-05-13T20:54:10","modified_gmt":"2019-05-13T18:54:10","slug":"el-cd-xest-prescindeix-de-paco-monterde-i-confia-en-el-fins-ara-entrenador-del-juvenil-carlos-tarin-per-dirigir-lequip","status":"publish","type":"post","link":"https:\/\/www.tucomarca.com\/wordpress\/segunda\/ca\/el-cd-xest-prescindeix-de-paco-monterde-i-confia-en-el-fins-ara-entrenador-del-juvenil-carlos-tarin-per-dirigir-lequip\/","title":{"rendered":"El CD Xest prescindeix de Paco Monterde i confia en el fins ara entrenador del Juvenil, Carlos Tar\u00edn, per dirigir l&#8217;equip"},"content":{"rendered":"<div dir=\"auto\">\n<figure id=\"attachment_86067\" aria-describedby=\"caption-attachment-86067\" style=\"width: 492px\" class=\"wp-caption alignleft\"><img loading=\"lazy\" decoding=\"async\" class=\" wp-image-86067\" src=\"http:\/\/www.tucomarca.com\/wordpress\/segunda\/wp-content\/uploads\/2019\/05\/CarlosTarin.jpg\" alt=\"Carlos Tar\u00edn es el nuevo entrenador del Cheste.\" width=\"492\" height=\"530\" \/><figcaption id=\"caption-attachment-86067\" class=\"wp-caption-text\">Carlos Tar\u00edn es el nuevo entrenador del Cheste.<\/figcaption><\/figure>\n<p>Despr\u00e9s de reunions de la Directiva del Xest aquest cap de setmana, han arribat a la conclusi\u00f3 i decisi\u00f3 que Paco Monterde no seguir\u00e0 la temporada que al comandament del primer equip del CD Xest despr\u00e9s del seu descens a Segona Regional, tal com han informat des del club a tucomarca.com.<\/p>\n<p>I per al futur m\u00e9s proper, van a apostar per Carlos Tar\u00edn, fins ara entrenador del Juvenil, per a la temporada que ve, &#8220;l&#8217;\u00e9sser de la casa anem a postar per dos anys amb ell i el seu equip, igual que els dos bons anys que a portat amb els juvenils &#8220;, tal com ha comentat Consol, la presidenta del CD Xest. Informa, Ra\u00fal Miralles Lacalle @raulmks<\/p>\n<\/div>\n","protected":false},"excerpt":{"rendered":"<div class=\"mh-excerpt\">Despr\u00e9s de reunions de la Directiva del Xest aquest cap de setmana, han arribat a la conclusi\u00f3 i decisi\u00f3 que Paco Monterde no seguir\u00e0 la temporada que al comandament del primer equip del CD Xest <a class=\"mh-excerpt-more\" href=\"https:\/\/www.tucomarca.com\/wordpress\/segunda\/ca\/el-cd-xest-prescindeix-de-paco-monterde-i-confia-en-el-fins-ara-entrenador-del-juvenil-carlos-tarin-per-dirigir-lequip\/\" title=\"El CD Xest prescindeix de Paco Monterde i confia en el fins ara entrenador del Juvenil, Carlos Tar\u00edn, per dirigir l&#8217;equip\">[+] <\/a><\/div>\n","protected":false},"author":1,"featured_media":86068,"comment_status":"open","ping_status":"open","sticky":false,"template":"","format":"standard","meta":{"footnotes":""},"categories":[11015,11003,10898,10912,10896,10974],"tags":[11074,11264],"class_list":{"0":"post-86071","1":"post","2":"type-post","3":"status-publish","4":"format-standard","5":"has-post-thumbnail","7":"category-canal-futbol","8":"category-sports","9":"category-ventana-ca","10":"category-la-hoya-ca","11":"category-seccion-ca","12":"category-cheste-ca","13":"tag-deportes-ca","14":"tag-esports-ca"},"_links":{"self":[{"href":"https:\/\/www.tucomarca.com\/wordpress\/segunda\/ca\/wp-json\/wp\/v2\/posts\/86071","targetHints":{"allow":["GET"]}}],"collection":[{"href":"https:\/\/www.tucomarca.com\/wordpress\/segunda\/ca\/wp-json\/wp\/v2\/posts"}],"about":[{"href":"https:\/\/www.tucomarca.com\/wordpress\/segunda\/ca\/wp-json\/wp\/v2\/types\/post"}],"author":[{"embeddable":true,"href":"https:\/\/www.tucomarca.com\/wordpress\/segunda\/ca\/wp-json\/wp\/v2\/users\/1"}],"replies":[{"embeddable":true,"href":"https:\/\/www.tucomarca.com\/wordpress\/segunda\/ca\/wp-json\/wp\/v2\/comments?post=86071"}],"version-history":[{"count":0,"href":"https:\/\/www.tucomarca.com\/wordpress\/segunda\/ca\/wp-json\/wp\/v2\/posts\/86071\/revisions"}],"wp:featuredmedia":[{"embeddable":true,"href":"https:\/\/www.tucomarca.com\/wordpress\/segunda\/ca\/wp-json\/wp\/v2\/media\/86068"}],"wp:attachment":[{"href":"https:\/\/www.tucomarca.com\/wordpress\/segunda\/ca\/wp-json\/wp\/v2\/media?parent=86071"}],"wp:term":[{"taxonomy":"category","embeddable":true,"href":"https:\/\/www.tucomarca.com\/wordpress\/segunda\/ca\/wp-json\/wp\/v2\/categories?post=86071"},{"taxonomy":"post_tag","embeddable":true,"href":"https:\/\/www.tucomarca.com\/wordpress\/segunda\/ca\/wp-json\/wp\/v2\/tags?post=86071"}],"curies":[{"name":"wp","href":"https:\/\/api.w.org\/{rel}","templated":true}]}}