{"id":86783,"date":"2019-05-26T23:34:22","date_gmt":"2019-05-26T21:34:22","guid":{"rendered":"http:\/\/www.tucomarca.com\/wordpress\/segunda\/?p=86783"},"modified":"2019-05-26T23:34:22","modified_gmt":"2019-05-26T21:34:22","slug":"juncal-carrascosa-psoe-guanya-a-bunyol-i-obte-4-regidors-seguida-de-pp-3-eu-3-iab-2-i-podem-1","status":"publish","type":"post","link":"https:\/\/www.tucomarca.com\/wordpress\/segunda\/ca\/juncal-carrascosa-psoe-guanya-a-bunyol-i-obte-4-regidors-seguida-de-pp-3-eu-3-iab-2-i-podem-1\/","title":{"rendered":"Juncal Carrascosa (PSOE) guanya a Bunyol i obt\u00e9 4 regidors, seguida de PP (3), EU (3), IAB (2) i Podem (1)"},"content":{"rendered":"<figure id=\"attachment_86661\" aria-describedby=\"caption-attachment-86661\" style=\"width: 322px\" class=\"wp-caption alignleft\"><img loading=\"lazy\" decoding=\"async\" class=\" wp-image-86661\" src=\"http:\/\/www.tucomarca.com\/wordpress\/segunda\/wp-content\/uploads\/2019\/05\/JUNCAL.jpg\" alt=\"La candidata del PSPV-PSOE en Bu\u00f1ol, Juncal Carrascosa.\" width=\"322\" height=\"272\" srcset=\"https:\/\/www.tucomarca.com\/wordpress\/segunda\/wp-content\/uploads\/2019\/05\/JUNCAL.jpg 709w, https:\/\/www.tucomarca.com\/wordpress\/segunda\/wp-content\/uploads\/2019\/05\/JUNCAL-300x253.jpg 300w\" sizes=\"auto, (max-width: 322px) 100vw, 322px\" \/><figcaption id=\"caption-attachment-86661\" class=\"wp-caption-text\">La candidata del PSPV-PSOE en Bu\u00f1ol, Juncal Carrascosa, seguir\u00e1 siendo la alcaldesa.<\/figcaption><\/figure>\n<p>El Partit Socialista que encap\u00e7ala Jonquera Carrascosa s&#8217;ha imposat en les eleccions municipals de 2019 al municipi de Bunyol, en obtenir 1.361 vots, trenta-un sufragis m\u00e9s que la segona for\u00e7a, el Partit Popular, que ha obtingut 1.330 vots i tres regidors.<\/p>\n<p>No obstant aix\u00f2, els vots aconseguits pel PSOE nom\u00e9s li atorguen 4 regidors, de manera que necessitar\u00e0 pactar amb alguna altra formaci\u00f3 per obtenir l&#8217;alcaldia.<\/p>\n<p>Els possibles candidats per a un pacte d&#8217;esquerres s\u00f3n Esquerra Unida que ha estat la tercera formaci\u00f3 en nombre de vots i ha obtingut 1.183 sufragis, el que els d\u00f3na tres regidors. El segueixen Esquerra Alternativa que ha obtingut 751 vots i dos regidors; i, finalment, Podem amb 376 vots que els atorguen una regidora.<\/p>\n<p>La formaci\u00f3 Amb tu no obtingut representaci\u00f3 ja que nom\u00e9s ha aconseguit 172 vots.<\/p>\n<p>Bunyol era un dels municipis on m\u00e9s candidatures s&#8217;han presentat a La Foia en aquestes eleccions municipals del 26 de maig.<\/p>\n<p>Inicialment van ser set les formacions que van presentar llista per aconseguir el govern i l&#8217;alcaldia de la localitat, tot i que Ciutadans al final no va poder conc\u00f3rrer \u00abper no poder esmenar a temps els errors\u00bb, segons van explicar des de la formaci\u00f3.<\/p>\n<p>Finalment, han estat el Partit Socialista, el Partit Popular, Esquerra Unida, Esquerra Alternativa, Podem i Amb tu (formacions aquestes dues \u00faltimes que ho han fet per primera vegada en la hist\u00f2ria electoral d&#8217;aquesta localitat de la Foia) les que han concorregut als comicis.<\/p>\n<p>&nbsp;<\/p>\n<p>&nbsp;<\/p>\n<p>&nbsp;<\/p>\n","protected":false},"excerpt":{"rendered":"<div class=\"mh-excerpt\">El Partit Socialista que encap\u00e7ala Jonquera Carrascosa s&#8217;ha imposat en les eleccions municipals de 2019 al municipi de Bunyol, en obtenir 1.361 vots, trenta-un sufragis m\u00e9s que la segona for\u00e7a, el Partit Popular, que ha <a class=\"mh-excerpt-more\" href=\"https:\/\/www.tucomarca.com\/wordpress\/segunda\/ca\/juncal-carrascosa-psoe-guanya-a-bunyol-i-obte-4-regidors-seguida-de-pp-3-eu-3-iab-2-i-podem-1\/\" title=\"Juncal Carrascosa (PSOE) guanya a Bunyol i obt\u00e9 4 regidors, seguida de PP (3), EU (3), IAB (2) i Podem (1)\">[+] <\/a><\/div>\n","protected":false},"author":1,"featured_media":86662,"comment_status":"open","ping_status":"open","sticky":false,"template":"","format":"standard","meta":{"footnotes":""},"categories":[10911,10898,10894,10904,10912,10947,10896],"tags":[11314],"class_list":{"0":"post-86783","1":"post","2":"type-post","3":"status-publish","4":"format-standard","5":"has-post-thumbnail","7":"category-bunol-ca","8":"category-ventana-ca","9":"category-la-comarca-ca","10":"category-sin-categorizar-ca","11":"category-la-hoya-ca","12":"category-politica","13":"category-seccion-ca","14":"tag-bunyol-ca"},"_links":{"self":[{"href":"https:\/\/www.tucomarca.com\/wordpress\/segunda\/ca\/wp-json\/wp\/v2\/posts\/86783","targetHints":{"allow":["GET"]}}],"collection":[{"href":"https:\/\/www.tucomarca.com\/wordpress\/segunda\/ca\/wp-json\/wp\/v2\/posts"}],"about":[{"href":"https:\/\/www.tucomarca.com\/wordpress\/segunda\/ca\/wp-json\/wp\/v2\/types\/post"}],"author":[{"embeddable":true,"href":"https:\/\/www.tucomarca.com\/wordpress\/segunda\/ca\/wp-json\/wp\/v2\/users\/1"}],"replies":[{"embeddable":true,"href":"https:\/\/www.tucomarca.com\/wordpress\/segunda\/ca\/wp-json\/wp\/v2\/comments?post=86783"}],"version-history":[{"count":0,"href":"https:\/\/www.tucomarca.com\/wordpress\/segunda\/ca\/wp-json\/wp\/v2\/posts\/86783\/revisions"}],"wp:featuredmedia":[{"embeddable":true,"href":"https:\/\/www.tucomarca.com\/wordpress\/segunda\/ca\/wp-json\/wp\/v2\/media\/86662"}],"wp:attachment":[{"href":"https:\/\/www.tucomarca.com\/wordpress\/segunda\/ca\/wp-json\/wp\/v2\/media?parent=86783"}],"wp:term":[{"taxonomy":"category","embeddable":true,"href":"https:\/\/www.tucomarca.com\/wordpress\/segunda\/ca\/wp-json\/wp\/v2\/categories?post=86783"},{"taxonomy":"post_tag","embeddable":true,"href":"https:\/\/www.tucomarca.com\/wordpress\/segunda\/ca\/wp-json\/wp\/v2\/tags?post=86783"}],"curies":[{"name":"wp","href":"https:\/\/api.w.org\/{rel}","templated":true}]}}