{"id":87286,"date":"2019-06-10T12:09:39","date_gmt":"2019-06-10T10:09:39","guid":{"rendered":"http:\/\/www.tucomarca.com\/wordpress\/segunda\/?p=87286"},"modified":"2019-06-10T12:09:39","modified_gmt":"2019-06-10T10:09:39","slug":"sobre-el-termini-per-a-sol%c2%b7licitar-lajuda-del-programa-de-suport-a-familia-i-infancia-que-financa-lescola-destiu-amb-menjador-de-requena","status":"publish","type":"post","link":"https:\/\/www.tucomarca.com\/wordpress\/segunda\/ca\/sobre-el-termini-per-a-sol%c2%b7licitar-lajuda-del-programa-de-suport-a-familia-i-infancia-que-financa-lescola-destiu-amb-menjador-de-requena\/","title":{"rendered":"S&#8217;obre el termini per a sol\u00b7licitar l&#8217;ajuda del Programa de Suport a Fam\u00edlia i Inf\u00e0ncia que finan\u00e7a l&#8217;Escola d&#8217;Estiu amb menjador de Requena"},"content":{"rendered":"<p>Ja est\u00e0 obert el termini per a la presentaci\u00f3 de sol\u00b7licituds per a la selecci\u00f3 de beneficiaris \/ es per participar en el Programa de Suport a Fam\u00edlia i Inf\u00e0ncia en per\u00edode estival 2019, amb motiu de sufragar les despeses dels mateixos a l&#8217;Escola d&#8217;Estiu amb Menjador.<\/p>\n<p>El programa est\u00e0 subvencionat per la Vicepresid\u00e8ncia i Conselleria d&#8217;Igualtat i Pol\u00edtiques, segons la Resoluci\u00f3 de 6 de maig de 2019 de la Vicepresid\u00e8ncia i Conselleria d&#8217;Igualtat i Pol\u00edtiques Inclusives, i aprovada en la Llei 28\/2018 de 28 de desembre de Pressupostos de la Generalitat per al&#8217;exercici 2019.<\/p>\n<p>El programa es desenvolupar\u00e0 l&#8217;1 de juliol al 2 d&#8217;agost de 2019, de dilluns a divendres. Les activitats de temps lliure i el menjador se celebraran al C.E.I.P. Alfons X &#8220;El Savi&#8221;.<\/p>\n<p>Est\u00e0 dirigit a aquells menors que durant l&#8217;exercici 2019, tinguin edats compreses entre els 3 i 18 anys (ambdues incloses) i les unitats de conviv\u00e8ncia, en el moment de la valoraci\u00f3 de la necessitat, no superin la quantia mensual per c\u00e0pita de l&#8217;IPREM.<\/p>\n<p>Tamb\u00e9 podran ser beneficiaris, els menors en edats compreses entre els 3 i 18 anys, que reuneixin els seg\u00fcents requisits:<\/p>\n<p>&#8211; Es trobin en acolliment en fam\u00edlia extensa, pr\u00f2xima o educadora, de la mateixa manera que els fills i filles menors d&#8217;aquestes fam\u00edlies.<\/p>\n<p>&#8211; Tinguin reconeguda la condici\u00f3 de fam\u00edlia monoparental.<\/p>\n<p>&#8211; Que pertanyin a unitats de conviv\u00e8ncia amb din\u00e0miques familiars disfuncionals, pr\u00e8via valoraci\u00f3 de l&#8217;Equip Social de Base.<\/p>\n<p>S&#8217;ha de presentar sol\u00b7licitud fins al dia 17 de juny de 2019 (inclosos), al costat de la documentaci\u00f3 requerida, per qualsevol dels mitjans que preveu la Llei 39\/2015, d&#8217;1 d&#8217;octubre, del procediment administratiu com\u00fa de les administracions p\u00fabliques, i , m\u00e9s concretament, a les depend\u00e8ncies del Servei d&#8217;Atenci\u00f3 i Tramitaci\u00f3 (SAT) de l&#8217;Ajuntament de Requena, situades a la pla\u00e7a Consistorial, n\u00ba 2 de Requena, al Centre Convivencial de Sant Antoni, carrer Luis Dicenta, n\u00ba 28, els dimecres i divendres de 11 a 13 hores; o per mitjans mitjans electr\u00f2nics a trav\u00e9s de la Seu Electr\u00f2nica de l&#8217;Ajuntament de Requena (https:\/\/requena.sedipualba.es\/).<\/p>\n<p>La relaci\u00f3 de beneficiaris s&#8217;exposar\u00e0 al tauler d&#8217;anuncis municipal.<\/p>\n","protected":false},"excerpt":{"rendered":"<div class=\"mh-excerpt\">Ja est\u00e0 obert el termini per a la presentaci\u00f3 de sol\u00b7licituds per a la selecci\u00f3 de beneficiaris \/ es per participar en el Programa de Suport a Fam\u00edlia i Inf\u00e0ncia en per\u00edode estival 2019, amb <a class=\"mh-excerpt-more\" href=\"https:\/\/www.tucomarca.com\/wordpress\/segunda\/ca\/sobre-el-termini-per-a-sol%c2%b7licitar-lajuda-del-programa-de-suport-a-familia-i-infancia-que-financa-lescola-destiu-amb-menjador-de-requena\/\" title=\"S&#8217;obre el termini per a sol\u00b7licitar l&#8217;ajuda del Programa de Suport a Fam\u00edlia i Inf\u00e0ncia que finan\u00e7a l&#8217;Escola d&#8217;Estiu amb menjador de Requena\">[+] <\/a><\/div>\n","protected":false},"author":1,"featured_media":87284,"comment_status":"open","ping_status":"open","sticky":false,"template":"","format":"standard","meta":{"footnotes":""},"categories":[11019,10894,10908,10909,10896],"tags":[10910],"class_list":{"0":"post-87286","1":"post","2":"type-post","3":"status-publish","4":"format-standard","5":"has-post-thumbnail","7":"category-agenda-ca","8":"category-la-comarca-ca","9":"category-requena-ca","10":"category-requena-utiel-ca","11":"category-seccion-ca","12":"tag-requena-utiel-ca"},"_links":{"self":[{"href":"https:\/\/www.tucomarca.com\/wordpress\/segunda\/ca\/wp-json\/wp\/v2\/posts\/87286","targetHints":{"allow":["GET"]}}],"collection":[{"href":"https:\/\/www.tucomarca.com\/wordpress\/segunda\/ca\/wp-json\/wp\/v2\/posts"}],"about":[{"href":"https:\/\/www.tucomarca.com\/wordpress\/segunda\/ca\/wp-json\/wp\/v2\/types\/post"}],"author":[{"embeddable":true,"href":"https:\/\/www.tucomarca.com\/wordpress\/segunda\/ca\/wp-json\/wp\/v2\/users\/1"}],"replies":[{"embeddable":true,"href":"https:\/\/www.tucomarca.com\/wordpress\/segunda\/ca\/wp-json\/wp\/v2\/comments?post=87286"}],"version-history":[{"count":0,"href":"https:\/\/www.tucomarca.com\/wordpress\/segunda\/ca\/wp-json\/wp\/v2\/posts\/87286\/revisions"}],"wp:featuredmedia":[{"embeddable":true,"href":"https:\/\/www.tucomarca.com\/wordpress\/segunda\/ca\/wp-json\/wp\/v2\/media\/87284"}],"wp:attachment":[{"href":"https:\/\/www.tucomarca.com\/wordpress\/segunda\/ca\/wp-json\/wp\/v2\/media?parent=87286"}],"wp:term":[{"taxonomy":"category","embeddable":true,"href":"https:\/\/www.tucomarca.com\/wordpress\/segunda\/ca\/wp-json\/wp\/v2\/categories?post=87286"},{"taxonomy":"post_tag","embeddable":true,"href":"https:\/\/www.tucomarca.com\/wordpress\/segunda\/ca\/wp-json\/wp\/v2\/tags?post=87286"}],"curies":[{"name":"wp","href":"https:\/\/api.w.org\/{rel}","templated":true}]}}