{"id":87647,"date":"2019-06-14T10:10:46","date_gmt":"2019-06-14T08:10:46","guid":{"rendered":"http:\/\/www.tucomarca.com\/wordpress\/segunda\/?p=87647"},"modified":"2019-06-14T10:10:46","modified_gmt":"2019-06-14T08:10:46","slug":"psoe-eu-i-podem-subscriuen-aquesta-tarda-el-seu-acord-de-govern-a-bunyol","status":"publish","type":"post","link":"https:\/\/www.tucomarca.com\/wordpress\/segunda\/ca\/psoe-eu-i-podem-subscriuen-aquesta-tarda-el-seu-acord-de-govern-a-bunyol\/","title":{"rendered":"PSOE, EU i Podem subscriuen aquesta tarda el seu acord de govern a Bunyol"},"content":{"rendered":"<div dir=\"auto\">\n<p>Tal com han informat fonts del Partit Socialista de Bunyol, la formaci\u00f3 t\u00e9 previst escenificar aquest divendres a la tarda la signatura de l&#8217;acord assolit amb Esquerra Unida i amb Podem per governar conjuntament la localitat els pr\u00f2xims quatres anys que garanteixi l&#8217;estabilitat pol\u00edtica aquesta legislatura i que mantindr\u00e0 en l&#8217;alcaldia a la socialista Juncal Carrascosa.<\/p>\n<p>La signatura d&#8217;acord d&#8217;investidura est\u00e0 prevista aquest divendres, 14 de juny, a les 19:30 hores al despatx de l&#8217;alcaldia, com ha confirmat Manuel Serra Tamarit, el vicesecretari general i portaveu del PSOE de Bunyol.<\/p>\n<p>L&#8217;organigrama del govern municipal per a la legislatura 2019-2023 queda de la seg\u00fcent manera: Juncal Carrascosa (PSOE), a m\u00e9s d&#8217;alcaldessa, administrar\u00e0 Desenvolupament Industrial, Comer\u00e7 i Ocupaci\u00f3.<\/p>\n<p>Rafa P\u00e9rez (EU) ser\u00e0 el primer tinent d&#8217;alcalde i tindr\u00e0 al seu c\u00e0rrec la regidoria de Fira i &#8220;Cultura popular&#8221; a m\u00e9s de la d&#8217;Obres i Serveis.<\/p>\n<p>Manuel Sierra (PSOE) ser\u00e0 el segon tinent d&#8217;alcalde i sota el seu c\u00e0rrec estar\u00e0 Hisenda i Contractaci\u00f3, Esports i Comunicaci\u00f3.<\/p>\n<p>Carles Xerri (EU) ocupar\u00e0 la tercera Tinen\u00e7a d&#8217;Alcaldia i ser\u00e0 el regidor de Pol\u00edtiques Socials, Participaci\u00f3 Ciutadana i igualtat.<\/p>\n<p>Maria Vall\u00e8s (PSOE) ser\u00e0 la quarta Tinent Alcalde i sota el seu c\u00e0rrec queden les regidories de Personal, Govern Interior a m\u00e9s de Turisme i Tomatina.<\/p>\n<p>Tania Carrascosa (EU) ser\u00e0 la regidora d&#8217;Urbanisme i Patrimoni.<\/p>\n<p>Juan luis Pall\u00e1s (PSOE) es far\u00e0 c\u00e0rrec de Cultura, Conservatori i Joventut.<\/p>\n<p>I finalment, Mati M\u00e9s (Podem) ser\u00e0 la regidora d&#8217;Ecologia i pol\u00edtiques Mediambientals a m\u00e9s de Salut P\u00fablica.<\/p>\n<p>&#8220;Des del PSOE de Bunyol, despr\u00e9s de la vict\u00f2ria del passat 26 de maig, comencem una negociacions amb la resta de forces progressistes amb els seg\u00fcents prop\u00f2sits: Aconseguir un organigrama de treball m\u00e9s definit competencialment de l&#8217;equip de govern; garantir un govern que represent\u00e9s 1 majoria qualificada del plenari i que dot\u00e9s per si mateix d&#8217;estabilitat a la gesti\u00f3 municipal, no dividir l&#8217;alcaldia, ja que considerem que ha estat un element distorsionador de la din\u00e0mica de treball durant la passada legislatura i que aquesta, recaigu\u00e9s els quatre anys en Jonquera Carrascosa, com a guanyadora de les passades eleccions municipals. Vict\u00f2ria progressista que no succe\u00efa a Bu\u00f1ol des de feia dotze anys, en la figura de Ferran Giraldos (PSOE). Creiem fermament que hem aconseguit els tres grans objectius que ens vam plantejar al comen\u00e7ament de les negociacions &#8221; , en paraules del vicesecretari general i portaveu del PSOE de Bunyol, Manuel Serra Tamarit.<\/p>\n<p>&#8220;Tamb\u00e9 m&#8217;agradaria recon\u00e8ixer que les in\u00e8rcies en pol\u00edtica s\u00f3n importants i en aquesta ocasi\u00f3 ens han beneficiat amb les vict\u00f2ries de Ximo Puig i Pere S\u00e1nchez el 28 d&#8217;abril, per\u00f2 es poden comptar amb els dits d&#8217;una m\u00e0 les localitats on el PSOE a la Comunitat Valenciana, ha passat de no liderar les majories progressistes el 2015 a guanyar les eleccions municipals el 2019 i un d&#8217;aquests pocs municipis \u00e9s Bunyol, de manera que el factor local (grup municipal, agrupaci\u00f3, candidatura) tamb\u00e9 han contribu\u00eft a la vict\u00f2ria del passat 26 de maig a Bunyol i des d&#8217;aquest mitj\u00e0 m&#8217;agradaria agrair a tots els que l&#8217;han fet possible des de l&#8217;agrupaci\u00f3 local &#8220;, ha finalitzat Manuel Serra Tamarit.<\/p>\n<\/div>\n<div dir=\"auto\"><\/div>\n<div dir=\"auto\"><\/div>\n<div dir=\"auto\"><\/div>\n<div dir=\"auto\"><\/div>\n","protected":false},"excerpt":{"rendered":"<div class=\"mh-excerpt\">Tal com han informat fonts del Partit Socialista de Bunyol, la formaci\u00f3 t\u00e9 previst escenificar aquest divendres a la tarda la signatura de l&#8217;acord assolit amb Esquerra Unida i amb Podem per governar conjuntament la <a class=\"mh-excerpt-more\" href=\"https:\/\/www.tucomarca.com\/wordpress\/segunda\/ca\/psoe-eu-i-podem-subscriuen-aquesta-tarda-el-seu-acord-de-govern-a-bunyol\/\" title=\"PSOE, EU i Podem subscriuen aquesta tarda el seu acord de govern a Bunyol\">[+] <\/a><\/div>\n","protected":false},"author":1,"featured_media":76507,"comment_status":"open","ping_status":"open","sticky":false,"template":"","format":"standard","meta":{"footnotes":""},"categories":[10911,10898,10894,10904,10912,10947,10895,10896],"tags":[11314],"class_list":{"0":"post-87647","1":"post","2":"type-post","3":"status-publish","4":"format-standard","5":"has-post-thumbnail","7":"category-bunol-ca","8":"category-ventana-ca","9":"category-la-comarca-ca","10":"category-sin-categorizar-ca","11":"category-la-hoya-ca","12":"category-politica","13":"category-premsavalenciana-ca","14":"category-seccion-ca","15":"tag-bunyol-ca"},"_links":{"self":[{"href":"https:\/\/www.tucomarca.com\/wordpress\/segunda\/ca\/wp-json\/wp\/v2\/posts\/87647","targetHints":{"allow":["GET"]}}],"collection":[{"href":"https:\/\/www.tucomarca.com\/wordpress\/segunda\/ca\/wp-json\/wp\/v2\/posts"}],"about":[{"href":"https:\/\/www.tucomarca.com\/wordpress\/segunda\/ca\/wp-json\/wp\/v2\/types\/post"}],"author":[{"embeddable":true,"href":"https:\/\/www.tucomarca.com\/wordpress\/segunda\/ca\/wp-json\/wp\/v2\/users\/1"}],"replies":[{"embeddable":true,"href":"https:\/\/www.tucomarca.com\/wordpress\/segunda\/ca\/wp-json\/wp\/v2\/comments?post=87647"}],"version-history":[{"count":0,"href":"https:\/\/www.tucomarca.com\/wordpress\/segunda\/ca\/wp-json\/wp\/v2\/posts\/87647\/revisions"}],"wp:featuredmedia":[{"embeddable":true,"href":"https:\/\/www.tucomarca.com\/wordpress\/segunda\/ca\/wp-json\/wp\/v2\/media\/76507"}],"wp:attachment":[{"href":"https:\/\/www.tucomarca.com\/wordpress\/segunda\/ca\/wp-json\/wp\/v2\/media?parent=87647"}],"wp:term":[{"taxonomy":"category","embeddable":true,"href":"https:\/\/www.tucomarca.com\/wordpress\/segunda\/ca\/wp-json\/wp\/v2\/categories?post=87647"},{"taxonomy":"post_tag","embeddable":true,"href":"https:\/\/www.tucomarca.com\/wordpress\/segunda\/ca\/wp-json\/wp\/v2\/tags?post=87647"}],"curies":[{"name":"wp","href":"https:\/\/api.w.org\/{rel}","templated":true}]}}