{"id":87800,"date":"2019-06-15T18:13:12","date_gmt":"2019-06-15T16:13:12","guid":{"rendered":"http:\/\/www.tucomarca.com\/wordpress\/segunda\/?p=87800"},"modified":"2019-06-15T18:13:12","modified_gmt":"2019-06-15T16:13:12","slug":"josep-vicent-garcia-compromis-reelegit-alcalde-de-la-pobla-amb-el-suport-de-pspv-cupo-i-contigo","status":"publish","type":"post","link":"https:\/\/www.tucomarca.com\/wordpress\/segunda\/ca\/josep-vicent-garcia-compromis-reelegit-alcalde-de-la-pobla-amb-el-suport-de-pspv-cupo-i-contigo\/","title":{"rendered":"Josep Vicent Garcia (Comprom\u00eds) reelegit alcalde de La Pobla amb el suport de PSPV, CUPO i Contigo"},"content":{"rendered":"<figure id=\"attachment_87797\" aria-describedby=\"caption-attachment-87797\" style=\"width: 632px\" class=\"wp-caption alignnone\"><img loading=\"lazy\" decoding=\"async\" class=\" wp-image-87797\" src=\"http:\/\/www.tucomarca.com\/wordpress\/segunda\/wp-content\/uploads\/2019\/06\/LaPobla.jpg\" alt=\"El equipo de gobierno estar\u00e1 formado as\u00ed por Josep Vicent Garcia, Iris Marco, Beatriu Palmero, Fran Esteban, Javier N\u00f3voa, Raquel Mart\u00ednez y Boni Carrillo por Comprom\u00eds; Regina Llavata, Jos\u00e9 Miguel Tomas i Rebeca Pizarro por el PSPV; Juan Aguilar por CUPO y Jaime Ruix por Contigo.\" width=\"632\" height=\"366\" srcset=\"https:\/\/www.tucomarca.com\/wordpress\/segunda\/wp-content\/uploads\/2019\/06\/LaPobla.jpg 5568w, https:\/\/www.tucomarca.com\/wordpress\/segunda\/wp-content\/uploads\/2019\/06\/LaPobla-300x174.jpg 300w, https:\/\/www.tucomarca.com\/wordpress\/segunda\/wp-content\/uploads\/2019\/06\/LaPobla-768x445.jpg 768w, https:\/\/www.tucomarca.com\/wordpress\/segunda\/wp-content\/uploads\/2019\/06\/LaPobla-1024x593.jpg 1024w\" sizes=\"auto, (max-width: 632px) 100vw, 632px\" \/><figcaption id=\"caption-attachment-87797\" class=\"wp-caption-text\">L\u2019equip de govern estar\u00e0 format aix\u00ed per Josep Vicent Garcia, Iris Marco, Beatriu Palmero, Fran Esteban, Javier N\u00f3voa, Raquel Mart\u00ednez i Boni Carrillo per Comprom\u00eds; Regina Llavata, Jos\u00e9 Miguel Tomas i Rebeca Pizarro pel PSPV; Juan Aguilar per CUPO i Jaime Ruix per Contigo.<\/figcaption><\/figure>\n<p>El Ple de l\u2019Ajuntament ha reelegit a Josep Vicent Garcia com alcalde de la Pobla de Vallbona amb el suport de PSPV, CUPO i Contigo. Garcia ha comptat amb els 12 vots que representen les quatre formacions i que superen la majoria absoluta del plenari que est\u00e0 en 11 vots.<\/p>\n<p>Garcia mantindr\u00e0 aix\u00ed la vara d\u2019alcalde amb un govern que mant\u00e9 principalment els mateixos regidors i delegacions respecte a l\u2019anterior mandat amb algunes incorporacions i baixes fruit dels resultats electorals. L\u2019alcalde ha volgut agrair el treball d\u2019aquells que no repetixen com s\u00f3n Javier Descalzo (Esquerra Unida), Paco Navarrete (CUPO) i Luc\u00eda Sanchis (PSPV) i ha felicitat els nous regidors entrants per l\u2019esperit constructiu que han mostrat a l\u2019entrar al govern.<\/p>\n<p>En el seu discurs, Josep Vicent Garcia ha agra\u00eft el vot dels m\u00e9s de 6.000 ve\u00efns que donen la majoria absoluta a este govern i s\u2019ha comprom\u00e9s a que \u00abtots els partits que el conformen continuaran treballant per mantenir la confian\u00e7a i el suport que els ve\u00efns han mostrat en estes eleccions\u00bb. Una voluntat de sumar i treballar pel futur del poble a la qual s\u2019han sumat els portaveus de PSPV, CUPO i Contigo.<\/p>\n<p>L\u2019equip de govern estar\u00e0 format aix\u00ed per Josep Vicent Garcia, Iris Marco, Beatriu Palmero, Fran Esteban, Javier N\u00f3voa, Raquel Mart\u00ednez i Boni Carrillo per Comprom\u00eds; Regina Llavata, Jos\u00e9 Miguel Tomas i Rebeca Pizarro pel PSPV; Juan Aguilar per CUPO i Jaime Ruix per Contigo.<span class=\"Apple-converted-space\">\u00a0<\/span><\/p>\n","protected":false},"excerpt":{"rendered":"<div class=\"mh-excerpt\">El Ple de l\u2019Ajuntament ha reelegit a Josep Vicent Garcia com alcalde de la Pobla de Vallbona amb el suport de PSPV, CUPO i Contigo. Garcia ha comptat amb els 12 vots que representen les <a class=\"mh-excerpt-more\" href=\"https:\/\/www.tucomarca.com\/wordpress\/segunda\/ca\/josep-vicent-garcia-compromis-reelegit-alcalde-de-la-pobla-amb-el-suport-de-pspv-cupo-i-contigo\/\" title=\"Josep Vicent Garcia (Comprom\u00eds) reelegit alcalde de La Pobla amb el suport de PSPV, CUPO i Contigo\">[+] <\/a><\/div>\n","protected":false},"author":1,"featured_media":87798,"comment_status":"open","ping_status":"open","sticky":false,"template":"","format":"standard","meta":{"footnotes":""},"categories":[10892,10898,10894,10915,10947,10896],"tags":[10949],"class_list":{"0":"post-87800","1":"post","2":"type-post","3":"status-publish","4":"format-standard","5":"has-post-thumbnail","7":"category-camp-de-turia-ca","8":"category-ventana-ca","9":"category-la-comarca-ca","10":"category-la-pobla-ca","11":"category-politica","12":"category-seccion-ca","13":"tag-la-pobla-ca"},"_links":{"self":[{"href":"https:\/\/www.tucomarca.com\/wordpress\/segunda\/ca\/wp-json\/wp\/v2\/posts\/87800","targetHints":{"allow":["GET"]}}],"collection":[{"href":"https:\/\/www.tucomarca.com\/wordpress\/segunda\/ca\/wp-json\/wp\/v2\/posts"}],"about":[{"href":"https:\/\/www.tucomarca.com\/wordpress\/segunda\/ca\/wp-json\/wp\/v2\/types\/post"}],"author":[{"embeddable":true,"href":"https:\/\/www.tucomarca.com\/wordpress\/segunda\/ca\/wp-json\/wp\/v2\/users\/1"}],"replies":[{"embeddable":true,"href":"https:\/\/www.tucomarca.com\/wordpress\/segunda\/ca\/wp-json\/wp\/v2\/comments?post=87800"}],"version-history":[{"count":0,"href":"https:\/\/www.tucomarca.com\/wordpress\/segunda\/ca\/wp-json\/wp\/v2\/posts\/87800\/revisions"}],"wp:featuredmedia":[{"embeddable":true,"href":"https:\/\/www.tucomarca.com\/wordpress\/segunda\/ca\/wp-json\/wp\/v2\/media\/87798"}],"wp:attachment":[{"href":"https:\/\/www.tucomarca.com\/wordpress\/segunda\/ca\/wp-json\/wp\/v2\/media?parent=87800"}],"wp:term":[{"taxonomy":"category","embeddable":true,"href":"https:\/\/www.tucomarca.com\/wordpress\/segunda\/ca\/wp-json\/wp\/v2\/categories?post=87800"},{"taxonomy":"post_tag","embeddable":true,"href":"https:\/\/www.tucomarca.com\/wordpress\/segunda\/ca\/wp-json\/wp\/v2\/tags?post=87800"}],"curies":[{"name":"wp","href":"https:\/\/api.w.org\/{rel}","templated":true}]}}