{"id":87811,"date":"2019-06-15T18:50:12","date_gmt":"2019-06-15T16:50:12","guid":{"rendered":"http:\/\/www.tucomarca.com\/wordpress\/segunda\/?p=87811"},"modified":"2019-06-15T18:50:12","modified_gmt":"2019-06-15T16:50:12","slug":"eugenio-fortana-psoe-fa-valer-la-seua-majoria-absoluta-per-revalidar-lalcaldia-de-turis","status":"publish","type":"post","link":"https:\/\/www.tucomarca.com\/wordpress\/segunda\/ca\/eugenio-fortana-psoe-fa-valer-la-seua-majoria-absoluta-per-revalidar-lalcaldia-de-turis\/","title":{"rendered":"Eugenio Forta\u00f1a (PSOE) fa valer la seua majoria absoluta per revalidar l&#8217;alcaldia de Tur\u00eds"},"content":{"rendered":"<figure id=\"attachment_87808\" aria-describedby=\"caption-attachment-87808\" style=\"width: 637px\" class=\"wp-caption alignnone\"><img loading=\"lazy\" decoding=\"async\" class=\" wp-image-87808\" src=\"http:\/\/www.tucomarca.com\/wordpress\/segunda\/wp-content\/uploads\/2019\/06\/TurisEugenio.jpg\" alt=\"Eugenio Forta\u00f1a en el momento de tomar posesi\u00f3n de su cargo como alcalde de Tur\u00eds.\" width=\"637\" height=\"478\" srcset=\"https:\/\/www.tucomarca.com\/wordpress\/segunda\/wp-content\/uploads\/2019\/06\/TurisEugenio.jpg 4000w, https:\/\/www.tucomarca.com\/wordpress\/segunda\/wp-content\/uploads\/2019\/06\/TurisEugenio-300x225.jpg 300w, https:\/\/www.tucomarca.com\/wordpress\/segunda\/wp-content\/uploads\/2019\/06\/TurisEugenio-768x576.jpg 768w, https:\/\/www.tucomarca.com\/wordpress\/segunda\/wp-content\/uploads\/2019\/06\/TurisEugenio-1024x768.jpg 1024w\" sizes=\"auto, (max-width: 637px) 100vw, 637px\" \/><figcaption id=\"caption-attachment-87808\" class=\"wp-caption-text\">Eugenio Forta\u00f1a en el moment de prendre possessi\u00f3 del seu c\u00e0rrec com a alcalde de Tur\u00eds.<\/figcaption><\/figure>\n<p>Els vots dels set regidors del Partit Socialista han estat suficients perqu\u00e8 Eugenio Forta\u00f1a revalidase l&#8217;alcaldia de Tur\u00eds; una majoria absoluta aconseguida el passat 26 de maig amb un dels respatllers a les urnes m\u00e9s grans que ha rebut el PSPV-PSOE en la hist\u00f2ria d&#8217;aquesta localitat de la Ribera.<\/p>\n<p>En la votaci\u00f3 a alcalde, tant el candidat de Ciutadans com el del PP han rebut un total de tres vots cadascun.<\/p>\n<p>Eugenio Forta\u00f1a ha pres possessi\u00f3 del seu c\u00e0rrec agraint als ciutadans i ciutadanes &#8220;la seua participaci\u00f3 el dia de les eleccions i el suport rebut&#8221; i donant les gr\u00e0cies &#8220;als edils que han participat aquests anys enrere en el govern del poble de Tur\u00eds, a els treballadors del consistori, a tots els integrants de la candidatura i a la fam\u00edlia &#8220;; especialment al seu &#8220;pare i la seua mare, que tota la vida ha estat una lluitadora per portar una fam\u00edlia endavant&#8221;, unes paraules que Eugenio Forta\u00f1a ha pronunciat entretallades per l&#8217;emoci\u00f3 del moment.<\/p>\n<p>Eugenio Forta\u00f1a tamb\u00e9 ha tingut paraules emocionades per als alcaldes socialista que l&#8217;han precedit: Baldomero Gonz\u00e1lez i Pilar Blasco.<\/p>\n<p>M\u00e9s informaci\u00f3 i imatges en l&#8217;edici\u00f3 impresa de <strong>tucomarca.com<\/strong> d&#8217;aquesta setmana (nombre 805).<\/p>\n<p>&nbsp;<\/p>\n<p>&nbsp;<\/p>\n","protected":false},"excerpt":{"rendered":"<div class=\"mh-excerpt\">Els vots dels set regidors del Partit Socialista han estat suficients perqu\u00e8 Eugenio Forta\u00f1a revalidase l&#8217;alcaldia de Tur\u00eds; una majoria absoluta aconseguida el passat 26 de maig amb un dels respatllers a les urnes m\u00e9s <a class=\"mh-excerpt-more\" href=\"https:\/\/www.tucomarca.com\/wordpress\/segunda\/ca\/eugenio-fortana-psoe-fa-valer-la-seua-majoria-absoluta-per-revalidar-lalcaldia-de-turis\/\" title=\"Eugenio Forta\u00f1a (PSOE) fa valer la seua majoria absoluta per revalidar l&#8217;alcaldia de Tur\u00eds\">[+] <\/a><\/div>\n","protected":false},"author":1,"featured_media":87809,"comment_status":"open","ping_status":"open","sticky":false,"template":"","format":"standard","meta":{"footnotes":""},"categories":[10898,10894,10902,10947,10896,11047],"tags":[11093],"class_list":{"0":"post-87811","1":"post","2":"type-post","3":"status-publish","4":"format-standard","5":"has-post-thumbnail","7":"category-ventana-ca","8":"category-la-comarca-ca","9":"category-la-ribera-ca","10":"category-politica","11":"category-seccion-ca","12":"category-turis-ca","13":"tag-turis-ca"},"_links":{"self":[{"href":"https:\/\/www.tucomarca.com\/wordpress\/segunda\/ca\/wp-json\/wp\/v2\/posts\/87811","targetHints":{"allow":["GET"]}}],"collection":[{"href":"https:\/\/www.tucomarca.com\/wordpress\/segunda\/ca\/wp-json\/wp\/v2\/posts"}],"about":[{"href":"https:\/\/www.tucomarca.com\/wordpress\/segunda\/ca\/wp-json\/wp\/v2\/types\/post"}],"author":[{"embeddable":true,"href":"https:\/\/www.tucomarca.com\/wordpress\/segunda\/ca\/wp-json\/wp\/v2\/users\/1"}],"replies":[{"embeddable":true,"href":"https:\/\/www.tucomarca.com\/wordpress\/segunda\/ca\/wp-json\/wp\/v2\/comments?post=87811"}],"version-history":[{"count":0,"href":"https:\/\/www.tucomarca.com\/wordpress\/segunda\/ca\/wp-json\/wp\/v2\/posts\/87811\/revisions"}],"wp:featuredmedia":[{"embeddable":true,"href":"https:\/\/www.tucomarca.com\/wordpress\/segunda\/ca\/wp-json\/wp\/v2\/media\/87809"}],"wp:attachment":[{"href":"https:\/\/www.tucomarca.com\/wordpress\/segunda\/ca\/wp-json\/wp\/v2\/media?parent=87811"}],"wp:term":[{"taxonomy":"category","embeddable":true,"href":"https:\/\/www.tucomarca.com\/wordpress\/segunda\/ca\/wp-json\/wp\/v2\/categories?post=87811"},{"taxonomy":"post_tag","embeddable":true,"href":"https:\/\/www.tucomarca.com\/wordpress\/segunda\/ca\/wp-json\/wp\/v2\/tags?post=87811"}],"curies":[{"name":"wp","href":"https:\/\/api.w.org\/{rel}","templated":true}]}}