{"id":87837,"date":"2019-06-18T20:23:35","date_gmt":"2019-06-18T18:23:35","guid":{"rendered":"http:\/\/www.tucomarca.com\/wordpress\/segunda\/?p=87837"},"modified":"2019-06-18T20:26:52","modified_gmt":"2019-06-18T18:26:52","slug":"el-ple-de-leliana-tria-a-salva-torrent-com-a-alcalde-en-la-seva-sessio-dinvestidura","status":"publish","type":"post","link":"https:\/\/www.tucomarca.com\/wordpress\/segunda\/ca\/el-ple-de-leliana-tria-a-salva-torrent-com-a-alcalde-en-la-seva-sessio-dinvestidura\/","title":{"rendered":"El Ple de l&#8217;Eliana tria a Salva Torrent com a alcalde en la seua sessi\u00f3 d&#8217;investidura"},"content":{"rendered":"<figure id=\"attachment_87831\" aria-describedby=\"caption-attachment-87831\" style=\"width: 378px\" class=\"wp-caption alignleft\"><img loading=\"lazy\" decoding=\"async\" class=\" wp-image-87831\" src=\"http:\/\/www.tucomarca.com\/wordpress\/segunda\/wp-content\/uploads\/2019\/06\/investiduraLEliana1.jpeg\" alt=\"Salva Torrent (PSPV-PSOE) es el alcalde de l'Eliana.\" width=\"378\" height=\"252\" srcset=\"https:\/\/www.tucomarca.com\/wordpress\/segunda\/wp-content\/uploads\/2019\/06\/investiduraLEliana1.jpeg 641w, https:\/\/www.tucomarca.com\/wordpress\/segunda\/wp-content\/uploads\/2019\/06\/investiduraLEliana1-300x200.jpeg 300w\" sizes=\"auto, (max-width: 378px) 100vw, 378px\" \/><figcaption id=\"caption-attachment-87831\" class=\"wp-caption-text\">Salva Torrent (PSPV-PSOE) \u00e9s l&#8217;alcalde de l&#8217;Eliana.<\/figcaption><\/figure>\n<p><strong>El primer edil obt\u00e9 la majoria absoluta per governar en els propers quatre anys<\/strong><\/p>\n<p>El passat dissabte a les 11 del mat\u00ed es va celebrar el Ple d&#8217;investidura a l&#8217;Ajuntament de l&#8217;Eliana, en el qual els 8 regidors i 9 regidores que van resultar elegits a les eleccions municipals del 26 de maig van prendre possessi\u00f3 del seu c\u00e0rrec. A l&#8217;acte van acudir les autoritats locals, familiars i amics dels regidors electes i un bon nombre de ve\u00efns i ve\u00efnes que no van voler perdre l&#8217;emotiu acte.<\/p>\n<p>En primer lloc van prendre possessi\u00f3 el regidor de m\u00e9s edat, Salvador Mart\u00ednez de Ciutadans, i la m\u00e9s jove, Isabel Montaner de Comprom\u00eds. Despr\u00e9s d&#8217;aix\u00f2, va quedar constitu\u00efda la Mesa d&#8217;Edat donant pas al jurament o promesa del c\u00e0rrec per part de la resta de membres del Ple. Va ser llavors quan els regidors i regidores electes van dur a terme la votaci\u00f3 secreta per elegir el nou alcalde. El PSOE va presentar com a candidat a Salva Torrent i el PP a Maria Jos\u00e9 Marco. Realitzat l&#8217;escrutini, es va proclamar alcalde Salva Torrent amb 9 vots, mentre que la candidata popular va obtenir 6. A m\u00e9s hi va haver una abstenci\u00f3 i un vot en blanc.<\/p>\n<figure id=\"attachment_87834\" aria-describedby=\"caption-attachment-87834\" style=\"width: 551px\" class=\"wp-caption alignright\"><img loading=\"lazy\" decoding=\"async\" class=\" wp-image-87834\" src=\"http:\/\/www.tucomarca.com\/wordpress\/segunda\/wp-content\/uploads\/2019\/06\/investiduraLEliana2.jpeg\" alt=\"Corporaci\u00f3n municipal de L'Eliana.\" width=\"551\" height=\"320\" srcset=\"https:\/\/www.tucomarca.com\/wordpress\/segunda\/wp-content\/uploads\/2019\/06\/investiduraLEliana2.jpeg 640w, https:\/\/www.tucomarca.com\/wordpress\/segunda\/wp-content\/uploads\/2019\/06\/investiduraLEliana2-300x174.jpeg 300w\" sizes=\"auto, (max-width: 551px) 100vw, 551px\" \/><figcaption id=\"caption-attachment-87834\" class=\"wp-caption-text\">Corporaci\u00f3 municipal de L&#8217;Eliana.<\/figcaption><\/figure>\n<p>Un cop lliurada la vara de comandament al nou alcalde, aquest va pronunciar un emotiu discurs en el qual va expressar que &#8220;al simbolisme i solemnitat d&#8217;aquest acte, hem d&#8217;afegir-li a parts iguals il\u00b7lusi\u00f3 i esperan\u00e7a&#8221;. Torrent va fer un breu recorregut pel seu pla d&#8217;accions per als quatre propers anys que va qualificar d &#8216; &#8220;ambici\u00f3s i il\u00b7lusionant&#8221;, destacant projectes com &#8220;el barraco de Mandor, la nova Biblioteca, el nou Ajuntament, m\u00e9s aparcaments, la reforma del Poliesportiu, el pla integral de voreres, m\u00e9s parcs i m\u00e9s jardins &#8220;. Va concloure convidant al conjunt de la ciutadania a participar en el projecte, especialment a la resta de les forces pol\u00edtiques.<\/p>\n<p>El Ple d&#8217;investidura es va oferir en directe al canal de Youtube de l&#8217;Ajuntament de l&#8217;Eliana i est\u00e0 disponible en el seg\u00fcent enlla\u00e7: https:\/\/youtu.be\/WGUGa&#8211;L144<\/p>\n","protected":false},"excerpt":{"rendered":"<div class=\"mh-excerpt\">El primer edil obt\u00e9 la majoria absoluta per governar en els propers quatre anys El passat dissabte a les 11 del mat\u00ed es va celebrar el Ple d&#8217;investidura a l&#8217;Ajuntament de l&#8217;Eliana, en el qual <a class=\"mh-excerpt-more\" href=\"https:\/\/www.tucomarca.com\/wordpress\/segunda\/ca\/el-ple-de-leliana-tria-a-salva-torrent-com-a-alcalde-en-la-seva-sessio-dinvestidura\/\" title=\"El Ple de l&#8217;Eliana tria a Salva Torrent com a alcalde en la seua sessi\u00f3 d&#8217;investidura\">[+] <\/a><\/div>\n","protected":false},"author":2,"featured_media":87832,"comment_status":"open","ping_status":"open","sticky":false,"template":"","format":"standard","meta":{"footnotes":""},"categories":[10898,10894,10893,10947,10896],"tags":[11172],"class_list":{"0":"post-87837","1":"post","2":"type-post","3":"status-publish","4":"format-standard","5":"has-post-thumbnail","7":"category-ventana-ca","8":"category-la-comarca-ca","9":"category-leliana-ca","10":"category-politica","11":"category-seccion-ca","12":"tag-leliana-ca-2"},"_links":{"self":[{"href":"https:\/\/www.tucomarca.com\/wordpress\/segunda\/ca\/wp-json\/wp\/v2\/posts\/87837","targetHints":{"allow":["GET"]}}],"collection":[{"href":"https:\/\/www.tucomarca.com\/wordpress\/segunda\/ca\/wp-json\/wp\/v2\/posts"}],"about":[{"href":"https:\/\/www.tucomarca.com\/wordpress\/segunda\/ca\/wp-json\/wp\/v2\/types\/post"}],"author":[{"embeddable":true,"href":"https:\/\/www.tucomarca.com\/wordpress\/segunda\/ca\/wp-json\/wp\/v2\/users\/2"}],"replies":[{"embeddable":true,"href":"https:\/\/www.tucomarca.com\/wordpress\/segunda\/ca\/wp-json\/wp\/v2\/comments?post=87837"}],"version-history":[{"count":0,"href":"https:\/\/www.tucomarca.com\/wordpress\/segunda\/ca\/wp-json\/wp\/v2\/posts\/87837\/revisions"}],"wp:featuredmedia":[{"embeddable":true,"href":"https:\/\/www.tucomarca.com\/wordpress\/segunda\/ca\/wp-json\/wp\/v2\/media\/87832"}],"wp:attachment":[{"href":"https:\/\/www.tucomarca.com\/wordpress\/segunda\/ca\/wp-json\/wp\/v2\/media?parent=87837"}],"wp:term":[{"taxonomy":"category","embeddable":true,"href":"https:\/\/www.tucomarca.com\/wordpress\/segunda\/ca\/wp-json\/wp\/v2\/categories?post=87837"},{"taxonomy":"post_tag","embeddable":true,"href":"https:\/\/www.tucomarca.com\/wordpress\/segunda\/ca\/wp-json\/wp\/v2\/tags?post=87837"}],"curies":[{"name":"wp","href":"https:\/\/api.w.org\/{rel}","templated":true}]}}