{"id":87901,"date":"2019-06-20T08:26:08","date_gmt":"2019-06-20T06:26:08","guid":{"rendered":"http:\/\/www.tucomarca.com\/wordpress\/segunda\/?p=87901"},"modified":"2019-06-20T08:26:08","modified_gmt":"2019-06-20T06:26:08","slug":"el-restaurant-gambrinus-de-siete-aguas-premiat-per-la-federacio-empresarial-dhostaleria-de-valencia-en-els-els-premis-de-lhostaleria-valenciana-2019","status":"publish","type":"post","link":"https:\/\/www.tucomarca.com\/wordpress\/segunda\/ca\/el-restaurant-gambrinus-de-siete-aguas-premiat-per-la-federacio-empresarial-dhostaleria-de-valencia-en-els-els-premis-de-lhostaleria-valenciana-2019\/","title":{"rendered":"El restaurant Gambrinus de Siete Aguas, premiat per la Federaci\u00f3 Empresarial d&#8217;Hostaleria de Val\u00e8ncia en els els Premis de l&#8217;Hostaleria Valenciana 2019"},"content":{"rendered":"<figure id=\"attachment_87897\" aria-describedby=\"caption-attachment-87897\" style=\"width: 424px\" class=\"wp-caption alignleft\"><img loading=\"lazy\" decoding=\"async\" class=\" wp-image-87897\" src=\"http:\/\/www.tucomarca.com\/wordpress\/segunda\/wp-content\/uploads\/2019\/06\/PremiosHosteleria.jpeg\" alt=\"El Ateneo Mercantil de Valencia ha reunido a representantes institucionales, empresarios y profesionales del sector hostelero y tur\u00edstico valenciano.\" width=\"424\" height=\"283\" srcset=\"https:\/\/www.tucomarca.com\/wordpress\/segunda\/wp-content\/uploads\/2019\/06\/PremiosHosteleria.jpeg 934w, https:\/\/www.tucomarca.com\/wordpress\/segunda\/wp-content\/uploads\/2019\/06\/PremiosHosteleria-300x200.jpeg 300w, https:\/\/www.tucomarca.com\/wordpress\/segunda\/wp-content\/uploads\/2019\/06\/PremiosHosteleria-768x513.jpeg 768w\" sizes=\"auto, (max-width: 424px) 100vw, 424px\" \/><figcaption id=\"caption-attachment-87897\" class=\"wp-caption-text\">L&#8217;Ateneu Mercantil de Val\u00e8ncia ha reunit representants institucionals, empresaris i professionals del sector hostaler i tur\u00edstic valenci\u00e0.<\/figcaption><\/figure>\n<p>La Federaci\u00f3 Empresarial d&#8217;Hostaleria de Val\u00e8ncia (FEHV) ha lliurat aquest passat dimarts els Premis de l&#8217;Hostaleria Valenciana 2019.<\/p>\n<p>L&#8217;acte de lliurament de premis ha tingut lloc a l&#8217;Ateneu Mercantil de Val\u00e8ncia i ha reunit representants institucionals, empresaris i professionals del sector hostaler i tur\u00edstic valenci\u00e0.<\/p>\n<p>En aquesta edici\u00f3, els Premis de l&#8217;Hostaleria Valenciana s&#8217;ha dividit en 14 categories. Entre els premiats s\u00f3n a la modalitat de Recuperaci\u00f3 de receptes tradicionals, Tere Carrascosa (del Restaurant Gambrinus). I en la modalitat de Fidelitat i suport al sector, s&#8217;ha premiat a Francesc Colomer, secretari auton\u00f2mic de Turisme.<\/p>\n<p>A l&#8217;acte ha assistit l&#8217;alcaldessa de Set Aig\u00fces, Teresa Hern\u00e1ndez, aix\u00ed com el regidor de Turisme de la localitat, Ricardo G\u00f3mez, entre d&#8217;altres convidats.<\/p>\n<p>Gastr\u00f2noma, la fira gastron\u00f2mica de la mediterr\u00e0nia, ha estat una de les guardonades en aquesta edici\u00f3. La FEHV li ha atorgat el premi a la posada en valor del sector, una distinci\u00f3 que Gastr\u00f2noma ha recollit durant la celebraci\u00f3 de la gala de la m\u00e0 de Carlos Mataix, president del certamen.<\/p>\n<p><strong>Gastr\u00f2noma, &#8220;Fira gastron\u00f2mica de la Mediterr\u00e0nia&#8221;<\/strong><\/p>\n<p>Gastr\u00f3noma \u00e9s un f\u00f2rum obert perqu\u00e8 grans cuiners, fabricants, distribu\u00efdors, petits comerciants i artesans posicionin a la Comunitat Valenciana al capdavant de la cultura gastron\u00f2mica. Una mostra pensada perqu\u00e8 professionals de la gastronomia i p\u00fablic gurmet experimentin i gaudeixin amb tasts, tallers, cuina en directe, debats i molt m\u00e9s.<\/p>\n<p>Aquests guardons tenen com a objectiu recon\u00e8ixer el lliurament i la traject\u00f2ria dels professionals, empreses i institucions que han contribu\u00eft a dignificar i millorar el sector hostaler de la prov\u00edncia de Val\u00e8ncia.<\/p>\n","protected":false},"excerpt":{"rendered":"<div class=\"mh-excerpt\">La Federaci\u00f3 Empresarial d&#8217;Hostaleria de Val\u00e8ncia (FEHV) ha lliurat aquest passat dimarts els Premis de l&#8217;Hostaleria Valenciana 2019. L&#8217;acte de lliurament de premis ha tingut lloc a l&#8217;Ateneu Mercantil de Val\u00e8ncia i ha reunit representants <a class=\"mh-excerpt-more\" href=\"https:\/\/www.tucomarca.com\/wordpress\/segunda\/ca\/el-restaurant-gambrinus-de-siete-aguas-premiat-per-la-federacio-empresarial-dhostaleria-de-valencia-en-els-els-premis-de-lhostaleria-valenciana-2019\/\" title=\"El restaurant Gambrinus de Siete Aguas, premiat per la Federaci\u00f3 Empresarial d&#8217;Hostaleria de Val\u00e8ncia en els els Premis de l&#8217;Hostaleria Valenciana 2019\">[+] <\/a><\/div>\n","protected":false},"author":2,"featured_media":87898,"comment_status":"open","ping_status":"open","sticky":false,"template":"","format":"standard","meta":{"footnotes":""},"categories":[10894,10912,11007,10979],"tags":[11707,11708,11157],"class_list":{"0":"post-87901","1":"post","2":"type-post","3":"status-publish","4":"format-standard","5":"has-post-thumbnail","7":"category-la-comarca-ca","8":"category-la-hoya-ca","9":"category-ocio-y-cultura-ca","10":"category-siete-aguas-ca","11":"tag-federacion-empresarial-de-hosteleria-de-valencia-fehv-ca","12":"tag-gambrinus-ca","13":"tag-siete-aguas-ca"},"_links":{"self":[{"href":"https:\/\/www.tucomarca.com\/wordpress\/segunda\/ca\/wp-json\/wp\/v2\/posts\/87901","targetHints":{"allow":["GET"]}}],"collection":[{"href":"https:\/\/www.tucomarca.com\/wordpress\/segunda\/ca\/wp-json\/wp\/v2\/posts"}],"about":[{"href":"https:\/\/www.tucomarca.com\/wordpress\/segunda\/ca\/wp-json\/wp\/v2\/types\/post"}],"author":[{"embeddable":true,"href":"https:\/\/www.tucomarca.com\/wordpress\/segunda\/ca\/wp-json\/wp\/v2\/users\/2"}],"replies":[{"embeddable":true,"href":"https:\/\/www.tucomarca.com\/wordpress\/segunda\/ca\/wp-json\/wp\/v2\/comments?post=87901"}],"version-history":[{"count":0,"href":"https:\/\/www.tucomarca.com\/wordpress\/segunda\/ca\/wp-json\/wp\/v2\/posts\/87901\/revisions"}],"wp:featuredmedia":[{"embeddable":true,"href":"https:\/\/www.tucomarca.com\/wordpress\/segunda\/ca\/wp-json\/wp\/v2\/media\/87898"}],"wp:attachment":[{"href":"https:\/\/www.tucomarca.com\/wordpress\/segunda\/ca\/wp-json\/wp\/v2\/media?parent=87901"}],"wp:term":[{"taxonomy":"category","embeddable":true,"href":"https:\/\/www.tucomarca.com\/wordpress\/segunda\/ca\/wp-json\/wp\/v2\/categories?post=87901"},{"taxonomy":"post_tag","embeddable":true,"href":"https:\/\/www.tucomarca.com\/wordpress\/segunda\/ca\/wp-json\/wp\/v2\/tags?post=87901"}],"curies":[{"name":"wp","href":"https:\/\/api.w.org\/{rel}","templated":true}]}}