{"id":87914,"date":"2019-06-20T22:14:45","date_gmt":"2019-06-20T20:14:45","guid":{"rendered":"http:\/\/www.tucomarca.com\/wordpress\/segunda\/?p=87914"},"modified":"2019-06-20T22:14:45","modified_gmt":"2019-06-20T20:14:45","slug":"el-popular-ricardo-perez-revalida-la-vara-de-comandament-al-capdavant-de-lajuntament-de-millares","status":"publish","type":"post","link":"https:\/\/www.tucomarca.com\/wordpress\/segunda\/ca\/el-popular-ricardo-perez-revalida-la-vara-de-comandament-al-capdavant-de-lajuntament-de-millares\/","title":{"rendered":"El popular Ricardo P\u00e9rez revalida la vara de comandament al capdavant de l&#8217;Ajuntament de Millares"},"content":{"rendered":"<figure id=\"attachment_87906\" aria-describedby=\"caption-attachment-87906\" style=\"width: 496px\" class=\"wp-caption alignleft\"><img loading=\"lazy\" decoding=\"async\" class=\" wp-image-87906\" src=\"http:\/\/www.tucomarca.com\/wordpress\/segunda\/wp-content\/uploads\/2019\/06\/Millares-19-23.jpg\" alt=\"El equipo de gobierno en esta nueva andadura municipal.\" width=\"496\" height=\"372\" srcset=\"https:\/\/www.tucomarca.com\/wordpress\/segunda\/wp-content\/uploads\/2019\/06\/Millares-19-23.jpg 1024w, https:\/\/www.tucomarca.com\/wordpress\/segunda\/wp-content\/uploads\/2019\/06\/Millares-19-23-300x225.jpg 300w, https:\/\/www.tucomarca.com\/wordpress\/segunda\/wp-content\/uploads\/2019\/06\/Millares-19-23-768x576.jpg 768w\" sizes=\"auto, (max-width: 496px) 100vw, 496px\" \/><figcaption id=\"caption-attachment-87906\" class=\"wp-caption-text\">L&#8217;equip de govern en aquesta nova etapa municipal.<\/figcaption><\/figure>\n<p>El ple constitutiu de la nova corporaci\u00f3 municipal de Millares, celebrat aquest passat dissabte, ha ratificat com a alcalde del municipi a Popular Ricardo P\u00e9rez, que repeteix mandat despr\u00e9s d&#8217;aconseguir una \u00e0mplia majoria absoluta en les eleccions municipals celebrades el passat 26 de maig.<\/p>\n<p>Ricardo P\u00e9rez ha estat investit alcalde amb els vots dels cinc edils del Partit Popular; mentre que a l&#8217;oposici\u00f3 s&#8217;han quedat la regidora del Partit Socialista i la representant de la formaci\u00f3 Uni\u00f3 de Ciutadans Independents (UCIN).<\/p>\n<p>Del seu discurs, el reelegit alcalde ha destacat que la l\u00ednia principal del nou govern que ell encap\u00e7ala ser\u00e0 \u00abla intenci\u00f3 de complir el programa electoral, sobretot incidint en el tema de la lluita contra la despoblaci\u00f3. I per a aix\u00f2 cal actuar en el tema de l&#8217;ocupaci\u00f3, a mantenir els serveis b\u00e0sics en la poblaci\u00f3 i en la promoci\u00f3 tur\u00edstica de Millares \u00bb, en paraules de Ricardo P\u00e9rez.<\/p>\n<p>\u00abEns hem comprom\u00e8s a complir amb el programa en resposta a l&#8217;acceptaci\u00f3 dels ciutadans que hem tingut donant-nos la majoria absoluta per aix\u00ed seguir amb les l\u00ednies de treball amb les que ja ven\u00edem treballant des del consistori i per descomptat millorar-les\u00bb, ha afegit Ricardo P\u00e9rez, que compartir\u00e0 equip de govern amb els populars Al\u00edcia Lorente Carb\u00f3, Mar\u00eda Elena Costa S\u00e1ez, Jesica Mart\u00ednez S\u00e1ez i Antonio Moya S\u00e1ez.<\/p>\n<p>Al costat d&#8217;ells, de la nova corporaci\u00f3 municipal de Millares per a la legislatura 2019-2023 tamb\u00e9 formaran part la socialista Silvia S\u00e1ez Barber\u00e1 i la representant d&#8217;Uni\u00f3 de Ciutadans Independents, Lorena Gald\u00f3n S\u00e1ez. Els cinc regidors que ha obtingut el Partit Popular han estat gr\u00e0cies als 186 vots aconseguits, el 62,42% dels sufragis emesos. El Partit Socialista va obtenir 68 vots (22,82%) i la formaci\u00f3 Uni\u00f3 de Ciutadans Independents va aconseguir 44 vots (14,77%).<\/p>\n","protected":false},"excerpt":{"rendered":"<div class=\"mh-excerpt\">El ple constitutiu de la nova corporaci\u00f3 municipal de Millares, celebrat aquest passat dissabte, ha ratificat com a alcalde del municipi a Popular Ricardo P\u00e9rez, que repeteix mandat despr\u00e9s d&#8217;aconseguir una \u00e0mplia majoria absoluta en <a class=\"mh-excerpt-more\" href=\"https:\/\/www.tucomarca.com\/wordpress\/segunda\/ca\/el-popular-ricardo-perez-revalida-la-vara-de-comandament-al-capdavant-de-lajuntament-de-millares\/\" title=\"El popular Ricardo P\u00e9rez revalida la vara de comandament al capdavant de l&#8217;Ajuntament de Millares\">[+] <\/a><\/div>\n","protected":false},"author":1,"featured_media":87907,"comment_status":"open","ping_status":"open","sticky":false,"template":"","format":"standard","meta":{"footnotes":""},"categories":[10898,10963,10894,10970,10947,10896],"tags":[11186],"class_list":{"0":"post-87914","1":"post","2":"type-post","3":"status-publish","4":"format-standard","5":"has-post-thumbnail","7":"category-ventana-ca","8":"category-la-canal-de-navarres-ca","9":"category-la-comarca-ca","10":"category-millares-ca","11":"category-politica","12":"category-seccion-ca","13":"tag-millares-ca"},"_links":{"self":[{"href":"https:\/\/www.tucomarca.com\/wordpress\/segunda\/ca\/wp-json\/wp\/v2\/posts\/87914","targetHints":{"allow":["GET"]}}],"collection":[{"href":"https:\/\/www.tucomarca.com\/wordpress\/segunda\/ca\/wp-json\/wp\/v2\/posts"}],"about":[{"href":"https:\/\/www.tucomarca.com\/wordpress\/segunda\/ca\/wp-json\/wp\/v2\/types\/post"}],"author":[{"embeddable":true,"href":"https:\/\/www.tucomarca.com\/wordpress\/segunda\/ca\/wp-json\/wp\/v2\/users\/1"}],"replies":[{"embeddable":true,"href":"https:\/\/www.tucomarca.com\/wordpress\/segunda\/ca\/wp-json\/wp\/v2\/comments?post=87914"}],"version-history":[{"count":0,"href":"https:\/\/www.tucomarca.com\/wordpress\/segunda\/ca\/wp-json\/wp\/v2\/posts\/87914\/revisions"}],"wp:featuredmedia":[{"embeddable":true,"href":"https:\/\/www.tucomarca.com\/wordpress\/segunda\/ca\/wp-json\/wp\/v2\/media\/87907"}],"wp:attachment":[{"href":"https:\/\/www.tucomarca.com\/wordpress\/segunda\/ca\/wp-json\/wp\/v2\/media?parent=87914"}],"wp:term":[{"taxonomy":"category","embeddable":true,"href":"https:\/\/www.tucomarca.com\/wordpress\/segunda\/ca\/wp-json\/wp\/v2\/categories?post=87914"},{"taxonomy":"post_tag","embeddable":true,"href":"https:\/\/www.tucomarca.com\/wordpress\/segunda\/ca\/wp-json\/wp\/v2\/tags?post=87914"}],"curies":[{"name":"wp","href":"https:\/\/api.w.org\/{rel}","templated":true}]}}