{"id":87926,"date":"2019-06-20T22:17:35","date_gmt":"2019-06-20T20:17:35","guid":{"rendered":"http:\/\/www.tucomarca.com\/wordpress\/segunda\/?p=87926"},"modified":"2019-06-20T22:17:35","modified_gmt":"2019-06-20T20:17:35","slug":"luis-francisco-yeves-revalida-el-seu-carrec-com-a-alcalde-de-venta-del-moro","status":"publish","type":"post","link":"https:\/\/www.tucomarca.com\/wordpress\/segunda\/ca\/luis-francisco-yeves-revalida-el-seu-carrec-com-a-alcalde-de-venta-del-moro\/","title":{"rendered":"Luis Francisco Yeves revalida el seu c\u00e0rrec com a alcalde de Venta del Moro"},"content":{"rendered":"<figure id=\"attachment_87911\" aria-describedby=\"caption-attachment-87911\" style=\"width: 450px\" class=\"wp-caption alignleft\"><img loading=\"lazy\" decoding=\"async\" class=\" wp-image-87911\" src=\"http:\/\/www.tucomarca.com\/wordpress\/segunda\/wp-content\/uploads\/2019\/06\/LuisFranVenta.jpg\" alt=\"Luis Francisco Yeves ha revalidado su cargo como alcalde de Venta del Moro.\" width=\"450\" height=\"253\" srcset=\"https:\/\/www.tucomarca.com\/wordpress\/segunda\/wp-content\/uploads\/2019\/06\/LuisFranVenta.jpg 1024w, https:\/\/www.tucomarca.com\/wordpress\/segunda\/wp-content\/uploads\/2019\/06\/LuisFranVenta-300x169.jpg 300w, https:\/\/www.tucomarca.com\/wordpress\/segunda\/wp-content\/uploads\/2019\/06\/LuisFranVenta-768x432.jpg 768w\" sizes=\"auto, (max-width: 450px) 100vw, 450px\" \/><figcaption id=\"caption-attachment-87911\" class=\"wp-caption-text\">Luis Francisco Yeves ha revalidat el seu c\u00e0rrec com a alcalde de Venta del Moro.<\/figcaption><\/figure>\n<p>La corporaci\u00f3 municipal de Venda del Moro ha ratificat aquest dissabte passat com a alcalde del municipi al Popular Luis Francisco Yeves, qui repeteix mandat despr\u00e9s d&#8217;aconseguir una \u00e0mplia majoria absoluta en les eleccions municipals celebrades el passat 26 de maig.<\/p>\n<p>Luis Francisco Yeves ha estat investit alcalde amb els vots dels set regidors del Partit Popular; mentre que a l&#8217;oposici\u00f3 s&#8217;han quedat els dos regidors del PSOE.<\/p>\n<p>L&#8217;elegit alcalde ha destacat durant el seu discurs presa de possessi\u00f3: <em>\u00abVull recordar-me de totes aquelles persones que ens han precedit com a membres d&#8217;aquesta Corporaci\u00f3 per la feina que en els seus anys van realitzar pel nostre municipi, especialment, als meus companys regidors de la passada legislatura que, amb el seu treball exquisit i dedicaci\u00f3 absoluta, van posar els fonaments perqu\u00e8 avui jo pugui tornar a estar davant de vosaltres, envoltat d&#8217;un extraordinari equip de persones, com a alcalde del nostre municipi. No tinc paraules suficients per agrair de cor a aquest gran grup de persones la seva il\u00b7lusi\u00f3, el seu suport i la seva for\u00e7a per estar avui on som. I per descomptat, als que per primera vegada aneu a exercir les vostres funcions com a regidors, gr\u00e0cies. La vostra energia i les vostres ganes de treballar pel nostre municipi seran, estic conven\u00e7ut, l&#8217;espurna que augmentin les ganes per fer de la nostra terra un lloc ple d&#8217;il\u00b7lusi\u00f3 i de futur.<\/em><\/p>\n<p><em>No puc ni he d&#8217;oblidar-me d&#8217;agrair en aquest moment, a tots els funcionaris, t\u00e8cnics i personal d&#8217;aquest ajuntament per la seva ajuda, treball, col\u00b7laboraci\u00f3 i comprensi\u00f3 en el dia a dia del funcionament d&#8217;aquesta instituci\u00f3 ja que, sense ells, a aquesta nau li hagu\u00e9s estat impossible arribar a port per seguir avan\u00e7ant en la direcci\u00f3 correcta\u00bb.<\/em><\/p>\n<p>Luis Francisco va tenir boniques paraules d&#8217;agra\u00efment per als seus amics i la seva fam\u00edlia aix\u00ed com per <em>\u00abtots els ve\u00efns del municipi que van confiar i han tornat a confiar en el nostre projecte, en les nostres il\u00b7lusions i en la nostra forma de treballar. Agrair a tots l&#8217;oportunitat que s&#8217;obre davant nostre, i vull, des d&#8217;aqu\u00ed, dir que, no per ser obvi cal deixar de dir-ho, amb fermesa i convicci\u00f3, vaig a governar per a tots, per als que ens han votat i per els que, leg\u00edtimament, no ho han fet perqu\u00e8 tots som importants en aquest projecte i tots tenim coses a aportar.<\/em><\/p>\n<p><em>M\u00e9s enll\u00e0 de les nostres difer\u00e8ncies pol\u00edtiques hi ha un projecte com\u00fa pel qual tots hem de treballar i pel qual no hem d&#8217;oblidar que estem avui aqu\u00ed. Aquest projecte com\u00fa es diu Els Marc, Les Monges, Casas de Moya, Cases del Rei, Cases de Pradas, Jaraguas i Venda del Moro. Set nuclis i un mateix cam\u00ed.<\/em><\/p>\n<p><em>El meu comprom\u00eds, el nostre comprom\u00eds \u00e9s amb tots i cadascun de vosaltres, dels ve\u00efns del nostre municipi, amb l&#8217;\u00fanic objectiu de treballar per aconseguir que la nostra terra, que tots els que hi vivim, tinguem l&#8217;oportunitat d&#8217;avan\u00e7ar cap a un futur que hem de construir entre tots amb un projecte clar i concret. Us demano confian\u00e7a i us oferim treball, esfor\u00e7, dedicaci\u00f3 i honradesa. Aquests seran els eixos que marquin el nostre dia a dia a l&#8217;ajuntament.<\/em><\/p>\n<p><em>Vull continuar afermant el model de gesti\u00f3 municipal desenvolupat fins ara, un model d&#8217;atenci\u00f3 proper, efica\u00e7 i eficient que permeti millorar i que ens permeti als pol\u00edtics actuar amb rapidesa i encert, cosa primordial i que \u00e9s la base de la credibilitat dels governants .<\/em><\/p>\n<p><em>Us convido a treballar junts, a avan\u00e7ar junts, dins les nostres l\u00f2giques discrep\u00e0ncies, per buscar el millor per als nostres ve\u00efns i de convertir aquesta legislatura en la pedra mestra que gui\u00ef i consolidi la construcci\u00f3 d&#8217;una terra amb possibilitats reals de futur on sumem voluntats i restem difer\u00e8ncies, on multipliquem esfor\u00e7os i dividim problemes.<\/em><\/p>\n<p><em>Des del minut zero tots els regidors d&#8217;aquesta corporaci\u00f3 comen\u00e7arem la nostra feina, una feina amb un sentit, el servei als nostres ve\u00efns. I aix\u00ed ser\u00e0 la nostra gesti\u00f3, una gesti\u00f3 per a tots tingueu al vostre ajuntament com el que \u00e9s, com l&#8217;administraci\u00f3 m\u00e9s propera i m\u00e9s efica\u00e7 a l&#8217;hora de resoldre problemes i vetllar pels interessos de tots i cadascun dels que vivim en aquest extraordinari municipi.<\/em><\/p>\n<p><em>Ho vaig dir el primer cop que em vau donar la responsabilitat de govern; el vaig tornar a dir el 2015 i torno a repetir ara: D&#8217;aqu\u00ed a quatre anys, el poble tornar\u00e0 a examinar la nostra gesti\u00f3 en les urnes, per\u00f2 dia a dia, des de la transpar\u00e8ncia que ha d&#8217;oferir aquesta instituci\u00f3, els nostres ve\u00efns valoraran el treball dut a terme per l&#8217;equip de govern. Venda del Moro, Jaraguas, Les Monges, Els Marc, Cases del Rei, Cases de Pradas i Casas de Moya construeixen el seu futur dia a dia, i dia a dia tenim l&#8217;obligaci\u00f3, i aix\u00ed ho farem, de retre comptes a aquells que s\u00f3n la nostra ra\u00f3 de ser, els nostres ve\u00efns\u00bb.<\/em><\/p>\n<p>&nbsp;<\/p>\n","protected":false},"excerpt":{"rendered":"<div class=\"mh-excerpt\">La corporaci\u00f3 municipal de Venda del Moro ha ratificat aquest dissabte passat com a alcalde del municipi al Popular Luis Francisco Yeves, qui repeteix mandat despr\u00e9s d&#8217;aconseguir una \u00e0mplia majoria absoluta en les eleccions municipals <a class=\"mh-excerpt-more\" href=\"https:\/\/www.tucomarca.com\/wordpress\/segunda\/ca\/luis-francisco-yeves-revalida-el-seu-carrec-com-a-alcalde-de-venta-del-moro\/\" title=\"Luis Francisco Yeves revalida el seu c\u00e0rrec com a alcalde de Venta del Moro\">[+] <\/a><\/div>\n","protected":false},"author":1,"featured_media":87912,"comment_status":"open","ping_status":"open","sticky":false,"template":"","format":"standard","meta":{"footnotes":""},"categories":[10898,10894,10947,10909,10896,11060],"tags":[11709],"class_list":{"0":"post-87926","1":"post","2":"type-post","3":"status-publish","4":"format-standard","5":"has-post-thumbnail","7":"category-ventana-ca","8":"category-la-comarca-ca","9":"category-politica","10":"category-requena-utiel-ca","11":"category-seccion-ca","12":"category-venta-del-moro-ca","13":"tag-venta-del-moro-ca"},"_links":{"self":[{"href":"https:\/\/www.tucomarca.com\/wordpress\/segunda\/ca\/wp-json\/wp\/v2\/posts\/87926","targetHints":{"allow":["GET"]}}],"collection":[{"href":"https:\/\/www.tucomarca.com\/wordpress\/segunda\/ca\/wp-json\/wp\/v2\/posts"}],"about":[{"href":"https:\/\/www.tucomarca.com\/wordpress\/segunda\/ca\/wp-json\/wp\/v2\/types\/post"}],"author":[{"embeddable":true,"href":"https:\/\/www.tucomarca.com\/wordpress\/segunda\/ca\/wp-json\/wp\/v2\/users\/1"}],"replies":[{"embeddable":true,"href":"https:\/\/www.tucomarca.com\/wordpress\/segunda\/ca\/wp-json\/wp\/v2\/comments?post=87926"}],"version-history":[{"count":0,"href":"https:\/\/www.tucomarca.com\/wordpress\/segunda\/ca\/wp-json\/wp\/v2\/posts\/87926\/revisions"}],"wp:featuredmedia":[{"embeddable":true,"href":"https:\/\/www.tucomarca.com\/wordpress\/segunda\/ca\/wp-json\/wp\/v2\/media\/87912"}],"wp:attachment":[{"href":"https:\/\/www.tucomarca.com\/wordpress\/segunda\/ca\/wp-json\/wp\/v2\/media?parent=87926"}],"wp:term":[{"taxonomy":"category","embeddable":true,"href":"https:\/\/www.tucomarca.com\/wordpress\/segunda\/ca\/wp-json\/wp\/v2\/categories?post=87926"},{"taxonomy":"post_tag","embeddable":true,"href":"https:\/\/www.tucomarca.com\/wordpress\/segunda\/ca\/wp-json\/wp\/v2\/tags?post=87926"}],"curies":[{"name":"wp","href":"https:\/\/api.w.org\/{rel}","templated":true}]}}