{"id":87970,"date":"2019-06-20T22:26:43","date_gmt":"2019-06-20T20:26:43","guid":{"rendered":"http:\/\/www.tucomarca.com\/wordpress\/segunda\/?p=87970"},"modified":"2019-06-20T22:26:43","modified_gmt":"2019-06-20T20:26:43","slug":"la-piscina-municipal-de-leliana-obri-les-seues-portes-aquest-21-de-juny","status":"publish","type":"post","link":"https:\/\/www.tucomarca.com\/wordpress\/segunda\/ca\/la-piscina-municipal-de-leliana-obri-les-seues-portes-aquest-21-de-juny\/","title":{"rendered":"La piscina municipal de l&#8217;Eliana obri les seues portes aquest 21 de juny"},"content":{"rendered":"<figure id=\"attachment_87971\" aria-describedby=\"caption-attachment-87971\" style=\"width: 489px\" class=\"wp-caption alignnone\"><img loading=\"lazy\" decoding=\"async\" class=\" wp-image-87971\" src=\"http:\/\/www.tucomarca.com\/wordpress\/segunda\/wp-content\/uploads\/2019\/06\/LElianapiscina.jpg\" alt=\"Las instalaciones permanecer\u00e1n abiertas a lo largo de todo el verano hasta el d\u00eda 22 de septiembre.\" width=\"489\" height=\"326\" srcset=\"https:\/\/www.tucomarca.com\/wordpress\/segunda\/wp-content\/uploads\/2019\/06\/LElianapiscina.jpg 2260w, https:\/\/www.tucomarca.com\/wordpress\/segunda\/wp-content\/uploads\/2019\/06\/LElianapiscina-300x200.jpg 300w, https:\/\/www.tucomarca.com\/wordpress\/segunda\/wp-content\/uploads\/2019\/06\/LElianapiscina-768x512.jpg 768w, https:\/\/www.tucomarca.com\/wordpress\/segunda\/wp-content\/uploads\/2019\/06\/LElianapiscina-1024x682.jpg 1024w\" sizes=\"auto, (max-width: 489px) 100vw, 489px\" \/><figcaption id=\"caption-attachment-87971\" class=\"wp-caption-text\">Las instalaciones permanecer\u00e1n abiertas a lo largo de todo el verano hasta el d\u00eda 22 de septiembre.<\/figcaption><\/figure>\n<p>Com tots els anys, la piscina municipal de l&#8217;Eliana torna a obrir les seues portes durant l&#8217;estiu. El dia ser\u00e0 divendres que ve 21 de juny, i enguany mantindr\u00e0 el seu horari habitual: de dimarts a divendres d\u201911h a 19h i dissabtes, diumenges i festius d\u201911h a 20h. Els dilluns el recinte estar\u00e0 tancat per q\u00fcestions de manteniment. El recinte es troba en l&#8217;Avda. del Parc n\u00fam.5 i compta amb dues piscines, una d&#8217;elles per a \u00fas infantil.<\/p>\n<p>Este servei municipal comptar\u00e0 amb uns preus molt assequibles: per als majors de 16 anys, l&#8217;entrada ser\u00e0 de 1,30 euros en dies laborables i de 1,50 euros en dissabtes, diumenges i festius. Per als menors de 16 anys i els pensionistes, els preus seran d&#8217;1 euro en els dies laborables i de 1,20 euros durant els caps de setmana i festius.<\/p>\n<p>Existeix tamb\u00e9 l&#8217;opci\u00f3 d&#8217;adquirir diferents abonaments: de 10 dies, de 15 dies, del mes de juliol, del mes d&#8217;agost i de tota la temporada. Quant als menors de 16 anys i pensionistes, estos abonaments equivaldran a 9 euros (10 dies); 14 euros (15 dies); 25 euros (mes de juliol o mes d&#8217;agost); i 45 euros (tota la temporada). En el cas dels majors de 16 anys, els preus dels abonaments seran de 12 euros (per abonament de 10 dies), 19 euros (abonaments de 15 dies); 32 euros (per a abonament mensual) i 60 euros (per a l\u2019abonament de la temporada).<\/p>\n<p>Pel que fa a les normes de funcionament, cal destacar que el recinte compta amb un aforament m\u00e0xim de 202 persones, els menors de 14 anys hauran d&#8217;anar acompanyats per un adult i ser\u00e0 obligatori dutxar-se abans d&#8217;entrar en l&#8217;aigua. D&#8217;altra banda, queda prohibit c\u00f3rrer pel per\u00edmetre de la piscina, introduir objectes com ara gots, inflables \u2013 excepte maneguets i suros en la piscina infantil-, practicar jocs perillosos o menjar dins del recinte.<span class=\"Apple-converted-space\">\u00a0<\/span><\/p>\n","protected":false},"excerpt":{"rendered":"<div class=\"mh-excerpt\">Com tots els anys, la piscina municipal de l&#8217;Eliana torna a obrir les seues portes durant l&#8217;estiu. El dia ser\u00e0 divendres que ve 21 de juny, i enguany mantindr\u00e0 el seu horari habitual: de dimarts <a class=\"mh-excerpt-more\" href=\"https:\/\/www.tucomarca.com\/wordpress\/segunda\/ca\/la-piscina-municipal-de-leliana-obri-les-seues-portes-aquest-21-de-juny\/\" title=\"La piscina municipal de l&#8217;Eliana obri les seues portes aquest 21 de juny\">[+] <\/a><\/div>\n","protected":false},"author":1,"featured_media":87971,"comment_status":"open","ping_status":"open","sticky":false,"template":"","format":"standard","meta":{"footnotes":""},"categories":[10892,10948,10894,10893,10896],"tags":[10899],"class_list":{"0":"post-87970","1":"post","2":"type-post","3":"status-publish","4":"format-standard","5":"has-post-thumbnail","7":"category-camp-de-turia-ca","8":"category-infraestructuras-ca","9":"category-la-comarca-ca","10":"category-leliana-ca","11":"category-seccion-ca","12":"tag-camp-de-turia-ca"},"_links":{"self":[{"href":"https:\/\/www.tucomarca.com\/wordpress\/segunda\/ca\/wp-json\/wp\/v2\/posts\/87970","targetHints":{"allow":["GET"]}}],"collection":[{"href":"https:\/\/www.tucomarca.com\/wordpress\/segunda\/ca\/wp-json\/wp\/v2\/posts"}],"about":[{"href":"https:\/\/www.tucomarca.com\/wordpress\/segunda\/ca\/wp-json\/wp\/v2\/types\/post"}],"author":[{"embeddable":true,"href":"https:\/\/www.tucomarca.com\/wordpress\/segunda\/ca\/wp-json\/wp\/v2\/users\/1"}],"replies":[{"embeddable":true,"href":"https:\/\/www.tucomarca.com\/wordpress\/segunda\/ca\/wp-json\/wp\/v2\/comments?post=87970"}],"version-history":[{"count":0,"href":"https:\/\/www.tucomarca.com\/wordpress\/segunda\/ca\/wp-json\/wp\/v2\/posts\/87970\/revisions"}],"wp:featuredmedia":[{"embeddable":true,"href":"https:\/\/www.tucomarca.com\/wordpress\/segunda\/ca\/wp-json\/wp\/v2\/media\/87971"}],"wp:attachment":[{"href":"https:\/\/www.tucomarca.com\/wordpress\/segunda\/ca\/wp-json\/wp\/v2\/media?parent=87970"}],"wp:term":[{"taxonomy":"category","embeddable":true,"href":"https:\/\/www.tucomarca.com\/wordpress\/segunda\/ca\/wp-json\/wp\/v2\/categories?post=87970"},{"taxonomy":"post_tag","embeddable":true,"href":"https:\/\/www.tucomarca.com\/wordpress\/segunda\/ca\/wp-json\/wp\/v2\/tags?post=87970"}],"curies":[{"name":"wp","href":"https:\/\/api.w.org\/{rel}","templated":true}]}}