{"id":87988,"date":"2019-06-20T22:19:37","date_gmt":"2019-06-20T20:19:37","guid":{"rendered":"http:\/\/www.tucomarca.com\/wordpress\/segunda\/?p=87988"},"modified":"2019-06-20T22:19:37","modified_gmt":"2019-06-20T20:19:37","slug":"compromis-i-eu-rebutgen-loferta-del-psoe-de-consensuar-un-acord-programatic-un-pressupost-per-a-2019-i-entrar-a-la-junta-de-govern-de-riba-roja","status":"publish","type":"post","link":"https:\/\/www.tucomarca.com\/wordpress\/segunda\/ca\/compromis-i-eu-rebutgen-loferta-del-psoe-de-consensuar-un-acord-programatic-un-pressupost-per-a-2019-i-entrar-a-la-junta-de-govern-de-riba-roja\/","title":{"rendered":"Comprom\u00eds i EU rebutgen l&#8217;oferta del PSOE de consensuar un acord program\u00e0tic, un pressupost per a 2019 i entrar a la Junta de Govern de Riba-roja"},"content":{"rendered":"<p>Comprom\u00eds i Esquerra Unida han rebutjat, finalment, l&#8217;oferta del PSOE de Riba-roja de T\u00faria per consensuar un acord program\u00e0tic vigent per a tota la legislatura 2019-2023, l&#8217;elaboraci\u00f3 d&#8217;un pressupost econ\u00f2mic per a 2019 i, finalment, l&#8217;entrada de les dues formacions a la Junta de Govern Local, en la que tindrien veu i vot.<\/p>\n<p>L&#8217;oferta del PSOE inclo\u00efa a m\u00e9s la possibilitat que els dos partits s&#8217;encarreguessin de la gesti\u00f3 de diverses \u00e0rees municipals, entre les quals destacaven Habitatge i Mem\u00f2ria Hist\u00f2rica per a Esquerra Unida, a imatge i semblan\u00e7a de la distribuci\u00f3 a la Generalitat, i per la seva banda Comprom\u00eds s&#8217;encarregaria de Comer\u00e7, Pol\u00edtica Ling\u00fc\u00edstica i Assumptes Jur\u00eddics.<\/p>\n<p>No obstant aix\u00f2, els dos partits pol\u00edtics han rebutjat l&#8217;oferta del PSOE ja que reclamen les mateixes compet\u00e8ncies que ostentaven en la legislatura passada en qu\u00e8 Esquerra Unida s&#8217;encarregava d&#8217;Afers Socials i R\u00e8gim Jur\u00eddic mentre que Comprom\u00eds feia el mateix amb Foment Econ\u00f2mic, Treball i Agricultura a m\u00e9s d&#8217;un alliberament total en el cas d&#8217;EU i un alliberament parcial per part de Comprom\u00eds.<\/p>\n<p>El PSOE ha rebutjat les peticions de totes dues formacions i els ha empla\u00e7at a continuar dialogant i conversant per arribar a acords que permetin tra\u00e7ar un full de ruta en programes i projectes comuns per Riba-roja en el qual prevalguin els interessos generals de tots els ciutadans ja que al llarg d&#8217;aquesta passada legislatura ha hagut un bon clima de treball entre les tres formacions pol\u00edtiques.<\/p>\n<p>Per la seva banda, Ciutadans s\u00ed que ha acceptat l&#8217;oferta del PSOE d&#8217;entrar a la Junta de Govern de Riba-vermella a la que tindrien veu i vot amb l&#8217;objectiu de treballar en la l\u00ednia que aquesta formaci\u00f3 ha mantingut en aquesta passada legislatura en qu\u00e8 ha existit una bona entesa, amb aportacions i propostes en les diverses \u00e0rees de gesti\u00f3.<\/p>\n<p>El PSOE ha recalcat que aquesta negativa d&#8217;EU i Comprom\u00eds a acceptar la proposta socialista &#8220;no impedir\u00e0 que continuem el clima de di\u00e0leg i consens que ha existit en aquesta legislatura en qu\u00e8 hem treballat amb un \u00fanic prop\u00f2sit, resoldre tots els problemes i q\u00fcestions que vam heretar de l&#8217;anterior govern i els resultats es poden veure completament a la realitat &#8220;.<\/p>\n","protected":false},"excerpt":{"rendered":"<div class=\"mh-excerpt\">Comprom\u00eds i Esquerra Unida han rebutjat, finalment, l&#8217;oferta del PSOE de Riba-roja de T\u00faria per consensuar un acord program\u00e0tic vigent per a tota la legislatura 2019-2023, l&#8217;elaboraci\u00f3 d&#8217;un pressupost econ\u00f2mic per a 2019 i, finalment, <a class=\"mh-excerpt-more\" href=\"https:\/\/www.tucomarca.com\/wordpress\/segunda\/ca\/compromis-i-eu-rebutgen-loferta-del-psoe-de-consensuar-un-acord-programatic-un-pressupost-per-a-2019-i-entrar-a-la-junta-de-govern-de-riba-roja\/\" title=\"Comprom\u00eds i EU rebutgen l&#8217;oferta del PSOE de consensuar un acord program\u00e0tic, un pressupost per a 2019 i entrar a la Junta de Govern de Riba-roja\">[+] <\/a><\/div>\n","protected":false},"author":1,"featured_media":87986,"comment_status":"open","ping_status":"open","sticky":false,"template":"","format":"standard","meta":{"footnotes":""},"categories":[10892,10898,10894,10947,10906,10896],"tags":[11102],"class_list":{"0":"post-87988","1":"post","2":"type-post","3":"status-publish","4":"format-standard","5":"has-post-thumbnail","7":"category-camp-de-turia-ca","8":"category-ventana-ca","9":"category-la-comarca-ca","10":"category-politica","11":"category-riba-roja-ca","12":"category-seccion-ca","13":"tag-riba-roja-2-ca"},"_links":{"self":[{"href":"https:\/\/www.tucomarca.com\/wordpress\/segunda\/ca\/wp-json\/wp\/v2\/posts\/87988","targetHints":{"allow":["GET"]}}],"collection":[{"href":"https:\/\/www.tucomarca.com\/wordpress\/segunda\/ca\/wp-json\/wp\/v2\/posts"}],"about":[{"href":"https:\/\/www.tucomarca.com\/wordpress\/segunda\/ca\/wp-json\/wp\/v2\/types\/post"}],"author":[{"embeddable":true,"href":"https:\/\/www.tucomarca.com\/wordpress\/segunda\/ca\/wp-json\/wp\/v2\/users\/1"}],"replies":[{"embeddable":true,"href":"https:\/\/www.tucomarca.com\/wordpress\/segunda\/ca\/wp-json\/wp\/v2\/comments?post=87988"}],"version-history":[{"count":0,"href":"https:\/\/www.tucomarca.com\/wordpress\/segunda\/ca\/wp-json\/wp\/v2\/posts\/87988\/revisions"}],"wp:featuredmedia":[{"embeddable":true,"href":"https:\/\/www.tucomarca.com\/wordpress\/segunda\/ca\/wp-json\/wp\/v2\/media\/87986"}],"wp:attachment":[{"href":"https:\/\/www.tucomarca.com\/wordpress\/segunda\/ca\/wp-json\/wp\/v2\/media?parent=87988"}],"wp:term":[{"taxonomy":"category","embeddable":true,"href":"https:\/\/www.tucomarca.com\/wordpress\/segunda\/ca\/wp-json\/wp\/v2\/categories?post=87988"},{"taxonomy":"post_tag","embeddable":true,"href":"https:\/\/www.tucomarca.com\/wordpress\/segunda\/ca\/wp-json\/wp\/v2\/tags?post=87988"}],"curies":[{"name":"wp","href":"https:\/\/api.w.org\/{rel}","templated":true}]}}