{"id":88004,"date":"2019-06-20T22:24:38","date_gmt":"2019-06-20T20:24:38","guid":{"rendered":"http:\/\/www.tucomarca.com\/wordpress\/segunda\/?p=88004"},"modified":"2019-06-20T22:24:38","modified_gmt":"2019-06-20T20:24:38","slug":"mobilitat-mobil-celebra-a-utiel-la-seua-tercera-edicio-amb-exit-de-participacio","status":"publish","type":"post","link":"https:\/\/www.tucomarca.com\/wordpress\/segunda\/ca\/mobilitat-mobil-celebra-a-utiel-la-seua-tercera-edicio-amb-exit-de-participacio\/","title":{"rendered":"+ Mobilitat &#8211; M\u00f2bil celebra a Utiel la seua tercera edici\u00f3 amb \u00e8xit de participaci\u00f3"},"content":{"rendered":"<figure id=\"attachment_88000\" aria-describedby=\"caption-attachment-88000\" style=\"width: 531px\" class=\"wp-caption alignleft\"><img loading=\"lazy\" decoding=\"async\" class=\" wp-image-88000\" src=\"http:\/\/www.tucomarca.com\/wordpress\/segunda\/wp-content\/uploads\/2019\/06\/EncDeporMunicipal2019.jpeg\" alt=\"Los alumnos han participado en din\u00e1micas de grupo organizadas por Salud P\u00fablica de Utiel.\" width=\"531\" height=\"244\" srcset=\"https:\/\/www.tucomarca.com\/wordpress\/segunda\/wp-content\/uploads\/2019\/06\/EncDeporMunicipal2019.jpeg 640w, https:\/\/www.tucomarca.com\/wordpress\/segunda\/wp-content\/uploads\/2019\/06\/EncDeporMunicipal2019-300x138.jpeg 300w\" sizes=\"auto, (max-width: 531px) 100vw, 531px\" \/><figcaption id=\"caption-attachment-88000\" class=\"wp-caption-text\">Els alumnes han participat en din\u00e0miques de grup organitzades per Salut P\u00fablica de Utiel.<\/figcaption><\/figure>\n<p>Al voltant de 300 alumnes d&#8217;Utiel i pedanies han participat en la Tercera Trobada Esportiu Municipal, &#8216;+ Mobilitat &#8211; M\u00f2bil&#8217;.<\/p>\n<p>Estudiants de 6\u00e8 de prim\u00e0ria i 1r d&#8217;ESO de tots els centres educatius d&#8217;Utiel s&#8217;han reunit al Poliesportiu i Pavell\u00f3 Municipal per gaudir d&#8217;una jornada de conviv\u00e8ncia en qu\u00e8 s&#8217;ha promocionat l&#8217;esport i els h\u00e0bits de vida saludables. Una trobada amb molt bona acollida en la comunitat educativa que es planteja amb un enfocament cooperatiu i inclusiu, no competitiu.<\/p>\n<p>Els alumnes han participat en din\u00e0miques de grup organitzades per Salut P\u00fablica de Utiel i han gaudit practicat b\u00e0squet, voleibol, b\u00e0dminton, atletisme, ioga i colpbol. A m\u00e9s de les diferents estacions programades, la trobada ha comptat amb una exhibici\u00f3 de tennis a c\u00e0rrec del Club de Tennis de Requena.<\/p>\n<p>L&#8217;Ajuntament d&#8217;Utiel agraeix la seva implicaci\u00f3 als centres educatius C.R.A. Oleana, Col\u00b7legi Santa Anna, C.E.I.P. Enrique Rambal, C.E.I.P Canonge Mu\u00f1oz, I.E.S. Albereda, I.E.S Miguel Ballesteros Viana aix\u00ed com als clubs esportius i a Salut P\u00fablica de Utiel.<\/p>\n","protected":false},"excerpt":{"rendered":"<div class=\"mh-excerpt\">Al voltant de 300 alumnes d&#8217;Utiel i pedanies han participat en la Tercera Trobada Esportiu Municipal, &#8216;+ Mobilitat &#8211; M\u00f2bil&#8217;. Estudiants de 6\u00e8 de prim\u00e0ria i 1r d&#8217;ESO de tots els centres educatius d&#8217;Utiel s&#8217;han <a class=\"mh-excerpt-more\" href=\"https:\/\/www.tucomarca.com\/wordpress\/segunda\/ca\/mobilitat-mobil-celebra-a-utiel-la-seua-tercera-edicio-amb-exit-de-participacio\/\" title=\"+ Mobilitat &#8211; M\u00f2bil celebra a Utiel la seua tercera edici\u00f3 amb \u00e8xit de participaci\u00f3\">[+] <\/a><\/div>\n","protected":false},"author":2,"featured_media":88001,"comment_status":"open","ping_status":"open","sticky":false,"template":"","format":"standard","meta":{"footnotes":""},"categories":[11010,11003,10909,10896,11059],"tags":[11174],"class_list":{"0":"post-88004","1":"post","2":"type-post","3":"status-publish","4":"format-standard","5":"has-post-thumbnail","7":"category-canal-salud","8":"category-sports","9":"category-requena-utiel-ca","10":"category-seccion-ca","11":"category-utiel-ca","12":"tag-utiel-ca"},"_links":{"self":[{"href":"https:\/\/www.tucomarca.com\/wordpress\/segunda\/ca\/wp-json\/wp\/v2\/posts\/88004","targetHints":{"allow":["GET"]}}],"collection":[{"href":"https:\/\/www.tucomarca.com\/wordpress\/segunda\/ca\/wp-json\/wp\/v2\/posts"}],"about":[{"href":"https:\/\/www.tucomarca.com\/wordpress\/segunda\/ca\/wp-json\/wp\/v2\/types\/post"}],"author":[{"embeddable":true,"href":"https:\/\/www.tucomarca.com\/wordpress\/segunda\/ca\/wp-json\/wp\/v2\/users\/2"}],"replies":[{"embeddable":true,"href":"https:\/\/www.tucomarca.com\/wordpress\/segunda\/ca\/wp-json\/wp\/v2\/comments?post=88004"}],"version-history":[{"count":0,"href":"https:\/\/www.tucomarca.com\/wordpress\/segunda\/ca\/wp-json\/wp\/v2\/posts\/88004\/revisions"}],"wp:featuredmedia":[{"embeddable":true,"href":"https:\/\/www.tucomarca.com\/wordpress\/segunda\/ca\/wp-json\/wp\/v2\/media\/88001"}],"wp:attachment":[{"href":"https:\/\/www.tucomarca.com\/wordpress\/segunda\/ca\/wp-json\/wp\/v2\/media?parent=88004"}],"wp:term":[{"taxonomy":"category","embeddable":true,"href":"https:\/\/www.tucomarca.com\/wordpress\/segunda\/ca\/wp-json\/wp\/v2\/categories?post=88004"},{"taxonomy":"post_tag","embeddable":true,"href":"https:\/\/www.tucomarca.com\/wordpress\/segunda\/ca\/wp-json\/wp\/v2\/tags?post=88004"}],"curies":[{"name":"wp","href":"https:\/\/api.w.org\/{rel}","templated":true}]}}