{"id":88042,"date":"2019-06-26T13:22:22","date_gmt":"2019-06-26T11:22:22","guid":{"rendered":"http:\/\/www.tucomarca.com\/wordpress\/segunda\/?p=88042"},"modified":"2019-06-26T13:22:22","modified_gmt":"2019-06-26T11:22:22","slug":"el-jutge-dona-la-rao-a-lajuntament-de-la-pobla-de-vallbona-en-la-convocatoria-de-la-placa-dinspector-de-policia","status":"publish","type":"post","link":"https:\/\/www.tucomarca.com\/wordpress\/segunda\/ca\/el-jutge-dona-la-rao-a-lajuntament-de-la-pobla-de-vallbona-en-la-convocatoria-de-la-placa-dinspector-de-policia\/","title":{"rendered":"El jutge d\u00f3na la ra\u00f3 a l\u2019Ajuntament de la Pobla de Vallbona en la convocat\u00f2ria de la pla\u00e7a d\u2019Inspector de Policia"},"content":{"rendered":"<figure id=\"attachment_88039\" aria-describedby=\"caption-attachment-88039\" style=\"width: 480px\" class=\"wp-caption alignleft\"><img loading=\"lazy\" decoding=\"async\" class=\" wp-image-88039\" src=\"http:\/\/www.tucomarca.com\/wordpress\/segunda\/wp-content\/uploads\/2019\/06\/policialocalpobla.jpeg\" alt=\"Ret\u00e9n de la Polic\u00eda Local de la Pobla.\" width=\"480\" height=\"270\" srcset=\"https:\/\/www.tucomarca.com\/wordpress\/segunda\/wp-content\/uploads\/2019\/06\/policialocalpobla.jpeg 640w, https:\/\/www.tucomarca.com\/wordpress\/segunda\/wp-content\/uploads\/2019\/06\/policialocalpobla-300x169.jpeg 300w\" sizes=\"auto, (max-width: 480px) 100vw, 480px\" \/><figcaption id=\"caption-attachment-88039\" class=\"wp-caption-text\">Depend\u00e8ncies de la Policia Local de la Pobla.<\/figcaption><\/figure>\n<p>El Jutjat Contenci\u00f3s Administratiu ha donat la ra\u00f3 a l\u2019Ajuntament de la Pobla de Vallbona en el recurs presentat pel CSIF a la convocat\u00f2ria de la pla\u00e7a d\u2019inspector de la Policia Local. El jutge ha desestimat la totalitat dels arguments presentats pel sindicat CSIF a la convocat\u00f2ria de les oposicions en considerar que s\u2019ha complit escrupolosament la llei i les bases s\u2019ajustaven a la legalitat vigent.<\/p>\n<p>En este sentit, la sent\u00e8ncia ratifica que la convocat\u00f2ria mitjan\u00e7ant promoci\u00f3 interna era l\u2019\u00fanica contemplada per l\u2019article 18 del decret 88\/2001 del 24 d\u2019abril per a oposicions amb nom\u00e9s una pla\u00e7a. Desestima el recurs del CSIF que demanava oposicions on pogueren presentar-se agents de fora del cos de la policia local de la Pobla, una possibilitat que haguera suposat una vulneraci\u00f3 de la llei.<\/p>\n<p>El Jutjat desestima tamb\u00e9 el recurs del CSIF que pretenia que fora obligatori tindre una llicenciatura per poder presentar-se a les oposicions a inspector de policia. La sent\u00e8ncia recull que d\u2019acord amb la llei, en tractar-se d\u2019una categoria laboral en escala A2, es suficient una diplomatura per poder optar a esta pla\u00e7a.<\/p>\n<p>El jutge es taxant a l\u2019hora de donar la ra\u00f3 a l\u2019Ajuntament en tots els punts plantejats pel sindicat CSIF a la convocat\u00f2ria de les oposicions a inspector de policia i desestimar el recurs presentat.<\/p>\n<p>L\u2019alcalde, Josep Vicent Garcia, ha acollit amb satisfacci\u00f3 la sent\u00e8ncia que assegura demostra que l\u2019Ajuntament ha fet les coses b\u00e9 en la convocat\u00f2ria de l\u2019oposici\u00f3 d\u2019inspector de policia local. Garcia lamenta \u201cl\u2019actitud bel\u00b7ligerant que CSIF ha mantingut durant la passada legislatura, en especial en esta pla\u00e7a, acusant el consistori de traure una pla\u00e7a a dit quan finalment la persona que es presentava no va superar l\u2019examen i la just\u00edcia ens ha acabat donat la ra\u00f3\u201d.<\/p>\n<p>El recurs del CSIF a esta convocat\u00f2ria es va presentar en contra de la voluntat de la majoria dels representants del mateix sindicat a la Pobla, el que va suposar un trencament intern en l\u2019organitzaci\u00f3 local. De fet, molts dels representants abandonaren el sindicat que no va aconseguir presentar llista enguany en les eleccions sindicals per a personal laboral.<\/p>\n","protected":false},"excerpt":{"rendered":"<div class=\"mh-excerpt\">El Jutjat Contenci\u00f3s Administratiu ha donat la ra\u00f3 a l\u2019Ajuntament de la Pobla de Vallbona en el recurs presentat pel CSIF a la convocat\u00f2ria de la pla\u00e7a d\u2019inspector de la Policia Local. El jutge ha <a class=\"mh-excerpt-more\" href=\"https:\/\/www.tucomarca.com\/wordpress\/segunda\/ca\/el-jutge-dona-la-rao-a-lajuntament-de-la-pobla-de-vallbona-en-la-convocatoria-de-la-placa-dinspector-de-policia\/\" title=\"El jutge d\u00f3na la ra\u00f3 a l\u2019Ajuntament de la Pobla de Vallbona en la convocat\u00f2ria de la pla\u00e7a d\u2019Inspector de Policia\">[+] <\/a><\/div>\n","protected":false},"author":2,"featured_media":88040,"comment_status":"open","ping_status":"open","sticky":false,"template":"","format":"standard","meta":{"footnotes":""},"categories":[10892,10898,10894,10915,10896],"tags":[10916],"class_list":{"0":"post-88042","1":"post","2":"type-post","3":"status-publish","4":"format-standard","5":"has-post-thumbnail","7":"category-camp-de-turia-ca","8":"category-ventana-ca","9":"category-la-comarca-ca","10":"category-la-pobla-ca","11":"category-seccion-ca","12":"tag-la-pobla-de-vallbona-ca"},"_links":{"self":[{"href":"https:\/\/www.tucomarca.com\/wordpress\/segunda\/ca\/wp-json\/wp\/v2\/posts\/88042","targetHints":{"allow":["GET"]}}],"collection":[{"href":"https:\/\/www.tucomarca.com\/wordpress\/segunda\/ca\/wp-json\/wp\/v2\/posts"}],"about":[{"href":"https:\/\/www.tucomarca.com\/wordpress\/segunda\/ca\/wp-json\/wp\/v2\/types\/post"}],"author":[{"embeddable":true,"href":"https:\/\/www.tucomarca.com\/wordpress\/segunda\/ca\/wp-json\/wp\/v2\/users\/2"}],"replies":[{"embeddable":true,"href":"https:\/\/www.tucomarca.com\/wordpress\/segunda\/ca\/wp-json\/wp\/v2\/comments?post=88042"}],"version-history":[{"count":0,"href":"https:\/\/www.tucomarca.com\/wordpress\/segunda\/ca\/wp-json\/wp\/v2\/posts\/88042\/revisions"}],"wp:featuredmedia":[{"embeddable":true,"href":"https:\/\/www.tucomarca.com\/wordpress\/segunda\/ca\/wp-json\/wp\/v2\/media\/88040"}],"wp:attachment":[{"href":"https:\/\/www.tucomarca.com\/wordpress\/segunda\/ca\/wp-json\/wp\/v2\/media?parent=88042"}],"wp:term":[{"taxonomy":"category","embeddable":true,"href":"https:\/\/www.tucomarca.com\/wordpress\/segunda\/ca\/wp-json\/wp\/v2\/categories?post=88042"},{"taxonomy":"post_tag","embeddable":true,"href":"https:\/\/www.tucomarca.com\/wordpress\/segunda\/ca\/wp-json\/wp\/v2\/tags?post=88042"}],"curies":[{"name":"wp","href":"https:\/\/api.w.org\/{rel}","templated":true}]}}