{"id":88049,"date":"2019-06-26T13:28:03","date_gmt":"2019-06-26T11:28:03","guid":{"rendered":"http:\/\/www.tucomarca.com\/wordpress\/segunda\/?p=88049"},"modified":"2019-06-26T13:28:03","modified_gmt":"2019-06-26T11:28:03","slug":"els-barris-de-turis-nomena-a-les-seues-falleres-majors-per-a-2020","status":"publish","type":"post","link":"https:\/\/www.tucomarca.com\/wordpress\/segunda\/ca\/els-barris-de-turis-nomena-a-les-seues-falleres-majors-per-a-2020\/","title":{"rendered":"Els Barris de Tur\u00eds nomena a les seues falleres majors per a 2020"},"content":{"rendered":"<figure id=\"attachment_88045\" aria-describedby=\"caption-attachment-88045\" style=\"width: 425px\" class=\"wp-caption alignleft\"><img loading=\"lazy\" decoding=\"async\" class=\" wp-image-88045\" src=\"http:\/\/www.tucomarca.com\/wordpress\/segunda\/wp-content\/uploads\/2019\/06\/ElsBarris2020.jpeg\" alt=\"Iv\u00e1n Torres junto a la nueva Fallera Mayor, Silvia Torres Borred\u00e1, Ainhoa Agust\u00ed Iranzo, y Pablo Lashayas Blasco, Fallera Mayor y Presidente Infantil de 2020.\" width=\"425\" height=\"319\" srcset=\"https:\/\/www.tucomarca.com\/wordpress\/segunda\/wp-content\/uploads\/2019\/06\/ElsBarris2020.jpeg 640w, https:\/\/www.tucomarca.com\/wordpress\/segunda\/wp-content\/uploads\/2019\/06\/ElsBarris2020-300x225.jpeg 300w\" sizes=\"auto, (max-width: 425px) 100vw, 425px\" \/><figcaption id=\"caption-attachment-88045\" class=\"wp-caption-text\">Iv\u00e1n Torres junt amb la nova Fallera Major, Silvia Torres Borred\u00e1, Ainhoa Agust\u00ed Iranzo, i Pablo Lashayas Blasco, Fallera Major i President Infantil de 2020.<\/figcaption><\/figure>\n<p>La Falla Els Barris ha fet p\u00fablic el nomenament dels seus m\u00e0xims representants per al proper any. El c\u00e0rrec de Fallera Major recaur\u00e0 en Silvia Torres Borred\u00e1, que compartir\u00e0 el quadre d&#8217;honor amb Ainhoa Agust\u00ed Iranzo i Pablo Lashayas Blasco, Fallera Major i President Infantil de 2020.<\/p>\n<p>Seran ells tres els qui acompanyen al president de la comissi\u00f3, Iv\u00e1n Torres, en el seu set\u00e8 any al capdavant de les festes, que com ja \u00e9s tradici\u00f3 es celebraran en la localitat valenciana despr\u00e9s de Sant Josep.<\/p>\n<p>Amb aquest anunci, la comissi\u00f3 m\u00e9s nombrosa de Tur\u00eds, amb al voltant de 460 fallers censats, fa un pas m\u00e9s en la seua preparaci\u00f3 per a les falles despr\u00e9s de renovar a Santaeulalia Tematizaciones, per quart any consecutiu i esta vegada per partida doble, ja que s\u2019encarregar\u00e0 de realitzar els dos monuments que plantaran a la seua demarcaci\u00f3.<\/p>\n","protected":false},"excerpt":{"rendered":"<div class=\"mh-excerpt\">La Falla Els Barris ha fet p\u00fablic el nomenament dels seus m\u00e0xims representants per al proper any. El c\u00e0rrec de Fallera Major recaur\u00e0 en Silvia Torres Borred\u00e1, que compartir\u00e0 el quadre d&#8217;honor amb Ainhoa Agust\u00ed <a class=\"mh-excerpt-more\" href=\"https:\/\/www.tucomarca.com\/wordpress\/segunda\/ca\/els-barris-de-turis-nomena-a-les-seues-falleres-majors-per-a-2020\/\" title=\"Els Barris de Tur\u00eds nomena a les seues falleres majors per a 2020\">[+] <\/a><\/div>\n","protected":false},"author":2,"featured_media":88046,"comment_status":"open","ping_status":"open","sticky":false,"template":"","format":"standard","meta":{"footnotes":""},"categories":[10902,11004,11008,10896,11047],"tags":[11712,11093],"class_list":{"0":"post-88049","1":"post","2":"type-post","3":"status-publish","4":"format-standard","5":"has-post-thumbnail","7":"category-la-ribera-ca","8":"category-la-semana-en-imagenes-ca","9":"category-pueblos-en-fiestas-ca","10":"category-seccion-ca","11":"category-turis-ca","12":"tag-falla-els-barris-ca","13":"tag-turis-ca"},"_links":{"self":[{"href":"https:\/\/www.tucomarca.com\/wordpress\/segunda\/ca\/wp-json\/wp\/v2\/posts\/88049","targetHints":{"allow":["GET"]}}],"collection":[{"href":"https:\/\/www.tucomarca.com\/wordpress\/segunda\/ca\/wp-json\/wp\/v2\/posts"}],"about":[{"href":"https:\/\/www.tucomarca.com\/wordpress\/segunda\/ca\/wp-json\/wp\/v2\/types\/post"}],"author":[{"embeddable":true,"href":"https:\/\/www.tucomarca.com\/wordpress\/segunda\/ca\/wp-json\/wp\/v2\/users\/2"}],"replies":[{"embeddable":true,"href":"https:\/\/www.tucomarca.com\/wordpress\/segunda\/ca\/wp-json\/wp\/v2\/comments?post=88049"}],"version-history":[{"count":0,"href":"https:\/\/www.tucomarca.com\/wordpress\/segunda\/ca\/wp-json\/wp\/v2\/posts\/88049\/revisions"}],"wp:featuredmedia":[{"embeddable":true,"href":"https:\/\/www.tucomarca.com\/wordpress\/segunda\/ca\/wp-json\/wp\/v2\/media\/88046"}],"wp:attachment":[{"href":"https:\/\/www.tucomarca.com\/wordpress\/segunda\/ca\/wp-json\/wp\/v2\/media?parent=88049"}],"wp:term":[{"taxonomy":"category","embeddable":true,"href":"https:\/\/www.tucomarca.com\/wordpress\/segunda\/ca\/wp-json\/wp\/v2\/categories?post=88049"},{"taxonomy":"post_tag","embeddable":true,"href":"https:\/\/www.tucomarca.com\/wordpress\/segunda\/ca\/wp-json\/wp\/v2\/tags?post=88049"}],"curies":[{"name":"wp","href":"https:\/\/api.w.org\/{rel}","templated":true}]}}