{"id":88058,"date":"2019-06-26T13:25:27","date_gmt":"2019-06-26T11:25:27","guid":{"rendered":"http:\/\/www.tucomarca.com\/wordpress\/segunda\/?p=88058"},"modified":"2019-06-26T13:25:27","modified_gmt":"2019-06-26T11:25:27","slug":"la-banda-simfonica-la-lira-de-cheste-obri-el-cicle-de-serenates-2019-amb-una-antologia-del-pasdoble","status":"publish","type":"post","link":"https:\/\/www.tucomarca.com\/wordpress\/segunda\/ca\/la-banda-simfonica-la-lira-de-cheste-obri-el-cicle-de-serenates-2019-amb-una-antologia-del-pasdoble\/","title":{"rendered":"La Banda Simf\u00f2nica La Lira de Cheste obri el cicle de Serenates 2019 amb una antologia del pasdoble"},"content":{"rendered":"<div class=\"\">\n<figure id=\"attachment_88053\" aria-describedby=\"caption-attachment-88053\" style=\"width: 379px\" class=\"wp-caption alignleft\"><img loading=\"lazy\" decoding=\"async\" class=\" wp-image-88053\" src=\"http:\/\/www.tucomarca.com\/wordpress\/segunda\/wp-content\/uploads\/2019\/06\/serenatas.jpg\" alt=\"La Banda Sinf\u00f3nica La Lira de Cheste abre el ciclo de Serenatas 2019 con una antolog\u00eda del pasodoble.\" width=\"379\" height=\"253\" srcset=\"https:\/\/www.tucomarca.com\/wordpress\/segunda\/wp-content\/uploads\/2019\/06\/serenatas.jpg 850w, https:\/\/www.tucomarca.com\/wordpress\/segunda\/wp-content\/uploads\/2019\/06\/serenatas-300x200.jpg 300w, https:\/\/www.tucomarca.com\/wordpress\/segunda\/wp-content\/uploads\/2019\/06\/serenatas-768x512.jpg 768w\" sizes=\"auto, (max-width: 379px) 100vw, 379px\" \/><figcaption id=\"caption-attachment-88053\" class=\"wp-caption-text\">La Banda Sinf\u00f3nica La Lira de Cheste abre el ciclo de Serenatas 2019 con una antolog\u00eda del pasodoble.<\/figcaption><\/figure>\n<p>Dissabte passat es va donar el tret de sortida al cicle de Serenates 2019 amb un concert ofert per la Banda Simf\u00f2nica Associaci\u00f3 Musical La Lira de Xest, dirigida per Javier Engu\u00eddanos Morat\u00f3. El concert es va titular &#8220;Antologia del Pasdoble&#8221; i va tenir lloc, com cada any, a la pla\u00e7a Doctor Cajal, a l&#8217;aire lliure. Multitud de chestanos i chestanas van acudir a les 23 hores al primer de quatre concerts que composen el programa de Serenates 2019.<\/p>\n<p>&#8220;Com \u00e9s tradici\u00f3 des de fa d\u00e8cades, quan la dol\u00e7a primavera deixa pas a les calors de l&#8217;estiu, l&#8217;Associaci\u00f3 Musical La Lira de Xest, en col\u00b7laboraci\u00f3 amb l&#8217;Ajuntament, ens ofereix aquesta s\u00e8rie de Serenates per compartir i gaudir m\u00fasica a la fresca. Aquest dissabte \u00e9s una nit molt especial, ja que, a petici\u00f3 d&#8217;algunes persones que porten demanant des de fa molts anys que g\u00e8neres com el pasdoble i la sarsuela formin part de les Serenates, el director ha preparat un concert molt especial titulat &#8216;Antologia del Pasdoble &#8216;, amb una selecci\u00f3 de pasdobles de diferents estils i \u00e8poques &#8220;, va presentar a l&#8217;inici del concert la regidora de Cultura, M\u00aa \u00c1ngeles Llorente.<\/p>\n<p>La regidora va posar en valor l&#8217;esfor\u00e7 dels m\u00fasics i m\u00fasiques presents i va introduir a la reina de la verema 2019 i al seu acompanyant: Paola Casanova Salazar i Adri\u00e1n Rodr\u00edguez Garc\u00eda, els qui es van encarregar de la presentaci\u00f3 del programa del concert.<\/p>\n<\/div>\n<div class=\"\">\n<figure id=\"attachment_88055\" aria-describedby=\"caption-attachment-88055\" style=\"width: 428px\" class=\"wp-caption alignright\"><img loading=\"lazy\" decoding=\"async\" class=\" wp-image-88055\" src=\"http:\/\/www.tucomarca.com\/wordpress\/segunda\/wp-content\/uploads\/2019\/06\/serenatas2.jpg\" alt=\"La concejala de Cultura, M\u00aa \u00c1ngeles Llorente junto a Paola Casanova Salazar y Adri\u00e1n Rodr\u00edguez Garc\u00eda, quienes se encargaron de la presentaci\u00f3n del programa del concierto.\" width=\"428\" height=\"285\" srcset=\"https:\/\/www.tucomarca.com\/wordpress\/segunda\/wp-content\/uploads\/2019\/06\/serenatas2.jpg 850w, https:\/\/www.tucomarca.com\/wordpress\/segunda\/wp-content\/uploads\/2019\/06\/serenatas2-300x200.jpg 300w, https:\/\/www.tucomarca.com\/wordpress\/segunda\/wp-content\/uploads\/2019\/06\/serenatas2-768x512.jpg 768w\" sizes=\"auto, (max-width: 428px) 100vw, 428px\" \/><figcaption id=\"caption-attachment-88055\" class=\"wp-caption-text\">La regidora de Cultura, M\u00aa \u00c1ngeles Llorente junt amb Paola Casanova Salazar i Adri\u00e1n Rodr\u00edguez Garc\u00eda, els que es van encarregar de la presentaci\u00f3 del programa del concert.<\/figcaption><\/figure>\n<\/div>\n<div class=\"\"><\/div>\n<div class=\"\">\n<p>La primera part de &#8220;Antologia del pasdoble&#8221; va incloure tres pasdobles fallers: La flor del taronger, de Miquel Asins Arb\u00f3; Tom\u00e0s Ferr\u00fas, de Godofredo Garrigues Perucho i La Valencianeta, de Llu\u00eds Mart\u00ed Alegre. A continuaci\u00f3, el p\u00fablic va gaudir de sis pasdobles cl\u00e0ssics: Pepita Greu, de Pascual P\u00e9rez Chov\u00ed; El ventall, d&#8217;Alfredo Javaloyes L\u00f3pez; Churumbeler\u00edas, d&#8217;Emilio Cebri\u00e1n Ruiz; Nerva, de Manuel Rojas Tirado; La Gr\u00e0cia de D\u00e9u, de Ramon Roig i Torn\u00e9; i finalment, Pa i toros, de Francisco Asenjo Barbieri. Despr\u00e9s d&#8217;un breu descans, es va iniciar la segona part del concert, amb tres pasdobles de Xest: El Lugarico vell, de Pablo S\u00e1nchez Torrella; Gemma Marqu\u00e8s, de S\u00e1nchez Jos\u00e9 Alam\u00e1 Gil i 15 Aniversari, de Gerardo P\u00e9rez Checa. L&#8217;\u00faltima part presentava els pasdobles Puerteareas, de Reveriano Soutullo Otero; La Morenica, de Manuel Carrascosa Garc\u00eda; Paco Molero, de Carmelo Alonso Bernaola i Algo\u00a0molt diferent, de Manuel Carrascosa Garc\u00eda.<\/p>\n<p>Els ve\u00efns i ve\u00efnes van gaudir a l&#8217;aire lliure de la interpretaci\u00f3 d&#8217;aquesta selecci\u00f3 de pasdobles i van ser testimonis, en finalitzar el pas-doble de Xest 15 Aniversari, del gest c\u00f2mplice del director de la Banda Simf\u00f2nica, Javier Engu\u00eddanos Morat\u00f3, cap a l&#8217;autor de la pe\u00e7a, Gerardo P\u00e9rez Checa, que es trobava entre el p\u00fablic.<\/p>\n<\/div>\n<div class=\"\"><span class=\"\">El pr\u00f3ximo s\u00e1bado 29 de junio tendr\u00e1 lugar el siguiente concierto del ciclo de Serenatas 2019, en el que participar\u00e1n las Bandas Juveniles de la Sociedad Musical \u201cLa Familiar\u201d de Benisan\u00f3 y La Lira de Cheste, en la plaza Doctor Cajal a las 23 horas.\u00a0<\/span><\/div>\n","protected":false},"excerpt":{"rendered":"<div class=\"mh-excerpt\">Dissabte passat es va donar el tret de sortida al cicle de Serenates 2019 amb un concert ofert per la Banda Simf\u00f2nica Associaci\u00f3 Musical La Lira de Xest, dirigida per Javier Engu\u00eddanos Morat\u00f3. El concert <a class=\"mh-excerpt-more\" href=\"https:\/\/www.tucomarca.com\/wordpress\/segunda\/ca\/la-banda-simfonica-la-lira-de-cheste-obri-el-cicle-de-serenates-2019-amb-una-antologia-del-pasdoble\/\" title=\"La Banda Simf\u00f2nica La Lira de Cheste obri el cicle de Serenates 2019 amb una antologia del pasdoble\">[+] <\/a><\/div>\n","protected":false},"author":2,"featured_media":88054,"comment_status":"open","ping_status":"open","sticky":false,"template":"","format":"standard","meta":{"footnotes":""},"categories":[10912,11007,10896,10974],"tags":[11713,11109],"class_list":{"0":"post-88058","1":"post","2":"type-post","3":"status-publish","4":"format-standard","5":"has-post-thumbnail","7":"category-la-hoya-ca","8":"category-ocio-y-cultura-ca","9":"category-seccion-ca","10":"category-cheste-ca","11":"tag-serenatas-ca","12":"tag-xest"},"_links":{"self":[{"href":"https:\/\/www.tucomarca.com\/wordpress\/segunda\/ca\/wp-json\/wp\/v2\/posts\/88058","targetHints":{"allow":["GET"]}}],"collection":[{"href":"https:\/\/www.tucomarca.com\/wordpress\/segunda\/ca\/wp-json\/wp\/v2\/posts"}],"about":[{"href":"https:\/\/www.tucomarca.com\/wordpress\/segunda\/ca\/wp-json\/wp\/v2\/types\/post"}],"author":[{"embeddable":true,"href":"https:\/\/www.tucomarca.com\/wordpress\/segunda\/ca\/wp-json\/wp\/v2\/users\/2"}],"replies":[{"embeddable":true,"href":"https:\/\/www.tucomarca.com\/wordpress\/segunda\/ca\/wp-json\/wp\/v2\/comments?post=88058"}],"version-history":[{"count":0,"href":"https:\/\/www.tucomarca.com\/wordpress\/segunda\/ca\/wp-json\/wp\/v2\/posts\/88058\/revisions"}],"wp:featuredmedia":[{"embeddable":true,"href":"https:\/\/www.tucomarca.com\/wordpress\/segunda\/ca\/wp-json\/wp\/v2\/media\/88054"}],"wp:attachment":[{"href":"https:\/\/www.tucomarca.com\/wordpress\/segunda\/ca\/wp-json\/wp\/v2\/media?parent=88058"}],"wp:term":[{"taxonomy":"category","embeddable":true,"href":"https:\/\/www.tucomarca.com\/wordpress\/segunda\/ca\/wp-json\/wp\/v2\/categories?post=88058"},{"taxonomy":"post_tag","embeddable":true,"href":"https:\/\/www.tucomarca.com\/wordpress\/segunda\/ca\/wp-json\/wp\/v2\/tags?post=88058"}],"curies":[{"name":"wp","href":"https:\/\/api.w.org\/{rel}","templated":true}]}}