{"id":88113,"date":"2019-06-28T10:38:32","date_gmt":"2019-06-28T08:38:32","guid":{"rendered":"http:\/\/www.tucomarca.com\/wordpress\/segunda\/?p=88113"},"modified":"2019-06-28T10:38:32","modified_gmt":"2019-06-28T08:38:32","slug":"bunyol-sinicia-la-primera-de-les-tres-fases-dasfaltats-que-milloraran-el-ferm-de-carrers-guals-i-camins-rurals","status":"publish","type":"post","link":"https:\/\/www.tucomarca.com\/wordpress\/segunda\/ca\/bunyol-sinicia-la-primera-de-les-tres-fases-dasfaltats-que-milloraran-el-ferm-de-carrers-guals-i-camins-rurals\/","title":{"rendered":"Bunyol s&#8217;inicia la primera de les tres fases d&#8217;asfaltats que milloraran el ferm de carrers, guals i camins rurals"},"content":{"rendered":"<figure id=\"attachment_88096\" aria-describedby=\"caption-attachment-88096\" style=\"width: 266px\" class=\"wp-caption alignleft\"><img loading=\"lazy\" decoding=\"async\" class=\" wp-image-88096\" src=\"http:\/\/www.tucomarca.com\/wordpress\/segunda\/wp-content\/uploads\/2019\/06\/01-1.jpg\" alt=\"Bu\u00f1ol arranca la primera de las tres fases de asfaltados que mejorar\u00e1n el firme de calles, badenes y caminos rurales.\" width=\"266\" height=\"354\" srcset=\"https:\/\/www.tucomarca.com\/wordpress\/segunda\/wp-content\/uploads\/2019\/06\/01-1.jpg 1200w, https:\/\/www.tucomarca.com\/wordpress\/segunda\/wp-content\/uploads\/2019\/06\/01-1-225x300.jpg 225w, https:\/\/www.tucomarca.com\/wordpress\/segunda\/wp-content\/uploads\/2019\/06\/01-1-768x1024.jpg 768w, https:\/\/www.tucomarca.com\/wordpress\/segunda\/wp-content\/uploads\/2019\/06\/01-1-1024x1365.jpg 1024w\" sizes=\"auto, (max-width: 266px) 100vw, 266px\" \/><figcaption id=\"caption-attachment-88096\" class=\"wp-caption-text\">Bunyol arrenca la primera de les tres fases d&#8217;asfaltats que milloraran el ferm de carrers, guals i camins rurals.<\/figcaption><\/figure>\n<p><strong>Rafa P\u00e9rez: &#8220;Aquesta setmana i la propera, carrers, guals perillosos i camins rurals en mal estat de Bunyol veuran notablement millorat la seva ferma i amb aix\u00f2 redu\u00efda la seva perillositat per als usuaris&#8221;<\/strong><\/p>\n<p>Rafa P\u00e9rez, regidor d&#8217;Obres i Serveis i primer tinent d&#8217;alcalde de l&#8217;Ajuntament de Bu\u00f1ol, ha informat a la poblaci\u00f3 del comen\u00e7ament d&#8217;asfaltats en la poblaci\u00f3. Es tracta de tres fases, de les quals la primera ja ha comen\u00e7at aquesta setmana i es pot veure a nombrosos carrers de la localitat que comptaven amb un ferm molt deteriorat i requerien d&#8217;inversi\u00f3 immediata.<\/p>\n<p>P\u00e9rez destaca que aquesta \u00e9s la primera fase d&#8217;asfaltats. Continua dient: &#8220;La segona \u00e9s la realitzaci\u00f3 de guals de velocitat en els punts m\u00e9s negres de tr\u00e0nsit i velocitat de Bunyol, i la tercera fase ser\u00e0 el pla de camins rurals&#8221;. Les dues actuacions es duran a terme a partir de la setmana vinent.<\/p>\n<p>L&#8217;edil bu\u00f1olense recorda que el muntant total d&#8217;inversi\u00f3 per a aquestes tres fases d&#8217;asfaltats a la localitat \u00e9s superior als 150.000 euros. <em>&#8220;L&#8217;equip de govern ens hem mostrat molt satisfets pel comen\u00e7ament d&#8217;aquestes fases d&#8217;asfaltats, que des de feia m\u00e9s d&#8217;un any i mig que ten\u00edem i no hav\u00edem pogut dur-la a terme. Ara \u00e9s una realitat i els ve\u00efns ja poden comprovar la millora de l&#8217;estat de les seves fermes, i que en breu seran els seus guals i els seus camins rurals els que es veuran notablement beneficiats. Per tant, molt contents per aquesta gesti\u00f3 municipal &#8220;<\/em>.<\/p>\n<div id='gallery-1' class='gallery galleryid-88113 gallery-columns-3 gallery-size-large'><figure class='gallery-item'>\n\t\t\t<div class='gallery-icon portrait'>\n\t\t\t\t<a href='https:\/\/www.tucomarca.com\/wordpress\/segunda\/ca\/bunyol-sinicia-la-primera-de-les-tres-fases-dasfaltats-que-milloraran-el-ferm-de-carrers-guals-i-camins-rurals\/02-20-2\/'><img loading=\"lazy\" decoding=\"async\" width=\"768\" height=\"1024\" src=\"https:\/\/www.tucomarca.com\/wordpress\/segunda\/wp-content\/uploads\/2019\/06\/02-1-768x1024.jpg\" class=\"attachment-large size-large\" alt=\"\" srcset=\"https:\/\/www.tucomarca.com\/wordpress\/segunda\/wp-content\/uploads\/2019\/06\/02-1-768x1024.jpg 768w, https:\/\/www.tucomarca.com\/wordpress\/segunda\/wp-content\/uploads\/2019\/06\/02-1-225x300.jpg 225w, https:\/\/www.tucomarca.com\/wordpress\/segunda\/wp-content\/uploads\/2019\/06\/02-1-1024x1365.jpg 1024w, https:\/\/www.tucomarca.com\/wordpress\/segunda\/wp-content\/uploads\/2019\/06\/02-1.jpg 1200w\" sizes=\"auto, (max-width: 768px) 100vw, 768px\" \/><\/a>\n\t\t\t<\/div><\/figure><figure class='gallery-item'>\n\t\t\t<div class='gallery-icon portrait'>\n\t\t\t\t<a href='https:\/\/www.tucomarca.com\/wordpress\/segunda\/ca\/bunyol-sinicia-la-primera-de-les-tres-fases-dasfaltats-que-milloraran-el-ferm-de-carrers-guals-i-camins-rurals\/03-15-2\/'><img loading=\"lazy\" decoding=\"async\" width=\"768\" height=\"1024\" src=\"https:\/\/www.tucomarca.com\/wordpress\/segunda\/wp-content\/uploads\/2019\/06\/03-768x1024.jpg\" class=\"attachment-large size-large\" alt=\"\" srcset=\"https:\/\/www.tucomarca.com\/wordpress\/segunda\/wp-content\/uploads\/2019\/06\/03-768x1024.jpg 768w, https:\/\/www.tucomarca.com\/wordpress\/segunda\/wp-content\/uploads\/2019\/06\/03-225x300.jpg 225w, https:\/\/www.tucomarca.com\/wordpress\/segunda\/wp-content\/uploads\/2019\/06\/03-1024x1365.jpg 1024w, https:\/\/www.tucomarca.com\/wordpress\/segunda\/wp-content\/uploads\/2019\/06\/03.jpg 1200w\" sizes=\"auto, (max-width: 768px) 100vw, 768px\" \/><\/a>\n\t\t\t<\/div><\/figure><figure class='gallery-item'>\n\t\t\t<div class='gallery-icon portrait'>\n\t\t\t\t<a href='https:\/\/www.tucomarca.com\/wordpress\/segunda\/ca\/bunyol-sinicia-la-primera-de-les-tres-fases-dasfaltats-que-milloraran-el-ferm-de-carrers-guals-i-camins-rurals\/04-11-2\/'><img loading=\"lazy\" decoding=\"async\" width=\"768\" height=\"1024\" src=\"https:\/\/www.tucomarca.com\/wordpress\/segunda\/wp-content\/uploads\/2019\/06\/04-768x1024.jpg\" class=\"attachment-large size-large\" alt=\"\" srcset=\"https:\/\/www.tucomarca.com\/wordpress\/segunda\/wp-content\/uploads\/2019\/06\/04-768x1024.jpg 768w, https:\/\/www.tucomarca.com\/wordpress\/segunda\/wp-content\/uploads\/2019\/06\/04-225x300.jpg 225w, https:\/\/www.tucomarca.com\/wordpress\/segunda\/wp-content\/uploads\/2019\/06\/04-1024x1365.jpg 1024w, https:\/\/www.tucomarca.com\/wordpress\/segunda\/wp-content\/uploads\/2019\/06\/04.jpg 1200w\" sizes=\"auto, (max-width: 768px) 100vw, 768px\" \/><\/a>\n\t\t\t<\/div><\/figure><figure class='gallery-item'>\n\t\t\t<div class='gallery-icon portrait'>\n\t\t\t\t<a href='https:\/\/www.tucomarca.com\/wordpress\/segunda\/ca\/bunyol-sinicia-la-primera-de-les-tres-fases-dasfaltats-que-milloraran-el-ferm-de-carrers-guals-i-camins-rurals\/05-11-2\/'><img loading=\"lazy\" decoding=\"async\" width=\"768\" height=\"1024\" src=\"https:\/\/www.tucomarca.com\/wordpress\/segunda\/wp-content\/uploads\/2019\/06\/05-768x1024.jpg\" class=\"attachment-large size-large\" alt=\"\" srcset=\"https:\/\/www.tucomarca.com\/wordpress\/segunda\/wp-content\/uploads\/2019\/06\/05-768x1024.jpg 768w, https:\/\/www.tucomarca.com\/wordpress\/segunda\/wp-content\/uploads\/2019\/06\/05-225x300.jpg 225w, https:\/\/www.tucomarca.com\/wordpress\/segunda\/wp-content\/uploads\/2019\/06\/05-1024x1365.jpg 1024w, https:\/\/www.tucomarca.com\/wordpress\/segunda\/wp-content\/uploads\/2019\/06\/05.jpg 1200w\" sizes=\"auto, (max-width: 768px) 100vw, 768px\" \/><\/a>\n\t\t\t<\/div><\/figure><figure class='gallery-item'>\n\t\t\t<div class='gallery-icon portrait'>\n\t\t\t\t<a href='https:\/\/www.tucomarca.com\/wordpress\/segunda\/ca\/bunyol-sinicia-la-primera-de-les-tres-fases-dasfaltats-que-milloraran-el-ferm-de-carrers-guals-i-camins-rurals\/06-12-2\/'><img loading=\"lazy\" decoding=\"async\" width=\"768\" height=\"1024\" src=\"https:\/\/www.tucomarca.com\/wordpress\/segunda\/wp-content\/uploads\/2019\/06\/06-768x1024.jpg\" class=\"attachment-large size-large\" alt=\"\" srcset=\"https:\/\/www.tucomarca.com\/wordpress\/segunda\/wp-content\/uploads\/2019\/06\/06-768x1024.jpg 768w, https:\/\/www.tucomarca.com\/wordpress\/segunda\/wp-content\/uploads\/2019\/06\/06-225x300.jpg 225w, https:\/\/www.tucomarca.com\/wordpress\/segunda\/wp-content\/uploads\/2019\/06\/06-1024x1365.jpg 1024w, https:\/\/www.tucomarca.com\/wordpress\/segunda\/wp-content\/uploads\/2019\/06\/06.jpg 1200w\" sizes=\"auto, (max-width: 768px) 100vw, 768px\" \/><\/a>\n\t\t\t<\/div><\/figure><figure class='gallery-item'>\n\t\t\t<div class='gallery-icon portrait'>\n\t\t\t\t<a href='https:\/\/www.tucomarca.com\/wordpress\/segunda\/ca\/bunyol-sinicia-la-primera-de-les-tres-fases-dasfaltats-que-milloraran-el-ferm-de-carrers-guals-i-camins-rurals\/07-8-2\/'><img loading=\"lazy\" decoding=\"async\" width=\"768\" height=\"1024\" src=\"https:\/\/www.tucomarca.com\/wordpress\/segunda\/wp-content\/uploads\/2019\/06\/07-768x1024.jpg\" class=\"attachment-large size-large\" alt=\"\" srcset=\"https:\/\/www.tucomarca.com\/wordpress\/segunda\/wp-content\/uploads\/2019\/06\/07-768x1024.jpg 768w, https:\/\/www.tucomarca.com\/wordpress\/segunda\/wp-content\/uploads\/2019\/06\/07-225x300.jpg 225w, https:\/\/www.tucomarca.com\/wordpress\/segunda\/wp-content\/uploads\/2019\/06\/07-1024x1365.jpg 1024w, https:\/\/www.tucomarca.com\/wordpress\/segunda\/wp-content\/uploads\/2019\/06\/07.jpg 1200w\" sizes=\"auto, (max-width: 768px) 100vw, 768px\" \/><\/a>\n\t\t\t<\/div><\/figure><figure class='gallery-item'>\n\t\t\t<div class='gallery-icon portrait'>\n\t\t\t\t<a href='https:\/\/www.tucomarca.com\/wordpress\/segunda\/ca\/bunyol-sinicia-la-primera-de-les-tres-fases-dasfaltats-que-milloraran-el-ferm-de-carrers-guals-i-camins-rurals\/08-5-2\/'><img loading=\"lazy\" decoding=\"async\" width=\"768\" height=\"1024\" src=\"https:\/\/www.tucomarca.com\/wordpress\/segunda\/wp-content\/uploads\/2019\/06\/08-768x1024.jpg\" class=\"attachment-large size-large\" alt=\"\" srcset=\"https:\/\/www.tucomarca.com\/wordpress\/segunda\/wp-content\/uploads\/2019\/06\/08-768x1024.jpg 768w, https:\/\/www.tucomarca.com\/wordpress\/segunda\/wp-content\/uploads\/2019\/06\/08-225x300.jpg 225w, https:\/\/www.tucomarca.com\/wordpress\/segunda\/wp-content\/uploads\/2019\/06\/08-1024x1365.jpg 1024w, https:\/\/www.tucomarca.com\/wordpress\/segunda\/wp-content\/uploads\/2019\/06\/08.jpg 1200w\" sizes=\"auto, (max-width: 768px) 100vw, 768px\" \/><\/a>\n\t\t\t<\/div><\/figure>\n\t\t<\/div>\n\n","protected":false},"excerpt":{"rendered":"<div class=\"mh-excerpt\">Rafa P\u00e9rez: &#8220;Aquesta setmana i la propera, carrers, guals perillosos i camins rurals en mal estat de Bunyol veuran notablement millorat la seva ferma i amb aix\u00f2 redu\u00efda la seva perillositat per als usuaris&#8221; Rafa <a class=\"mh-excerpt-more\" href=\"https:\/\/www.tucomarca.com\/wordpress\/segunda\/ca\/bunyol-sinicia-la-primera-de-les-tres-fases-dasfaltats-que-milloraran-el-ferm-de-carrers-guals-i-camins-rurals\/\" title=\"Bunyol s&#8217;inicia la primera de les tres fases d&#8217;asfaltats que milloraran el ferm de carrers, guals i camins rurals\">[+] <\/a><\/div>\n","protected":false},"author":2,"featured_media":88097,"comment_status":"open","ping_status":"open","sticky":false,"template":"","format":"standard","meta":{"footnotes":""},"categories":[10911,10948,10894,10912,10896],"tags":[11314],"class_list":{"0":"post-88113","1":"post","2":"type-post","3":"status-publish","4":"format-standard","5":"has-post-thumbnail","7":"category-bunol-ca","8":"category-infraestructuras-ca","9":"category-la-comarca-ca","10":"category-la-hoya-ca","11":"category-seccion-ca","12":"tag-bunyol-ca"},"_links":{"self":[{"href":"https:\/\/www.tucomarca.com\/wordpress\/segunda\/ca\/wp-json\/wp\/v2\/posts\/88113","targetHints":{"allow":["GET"]}}],"collection":[{"href":"https:\/\/www.tucomarca.com\/wordpress\/segunda\/ca\/wp-json\/wp\/v2\/posts"}],"about":[{"href":"https:\/\/www.tucomarca.com\/wordpress\/segunda\/ca\/wp-json\/wp\/v2\/types\/post"}],"author":[{"embeddable":true,"href":"https:\/\/www.tucomarca.com\/wordpress\/segunda\/ca\/wp-json\/wp\/v2\/users\/2"}],"replies":[{"embeddable":true,"href":"https:\/\/www.tucomarca.com\/wordpress\/segunda\/ca\/wp-json\/wp\/v2\/comments?post=88113"}],"version-history":[{"count":0,"href":"https:\/\/www.tucomarca.com\/wordpress\/segunda\/ca\/wp-json\/wp\/v2\/posts\/88113\/revisions"}],"wp:featuredmedia":[{"embeddable":true,"href":"https:\/\/www.tucomarca.com\/wordpress\/segunda\/ca\/wp-json\/wp\/v2\/media\/88097"}],"wp:attachment":[{"href":"https:\/\/www.tucomarca.com\/wordpress\/segunda\/ca\/wp-json\/wp\/v2\/media?parent=88113"}],"wp:term":[{"taxonomy":"category","embeddable":true,"href":"https:\/\/www.tucomarca.com\/wordpress\/segunda\/ca\/wp-json\/wp\/v2\/categories?post=88113"},{"taxonomy":"post_tag","embeddable":true,"href":"https:\/\/www.tucomarca.com\/wordpress\/segunda\/ca\/wp-json\/wp\/v2\/tags?post=88113"}],"curies":[{"name":"wp","href":"https:\/\/api.w.org\/{rel}","templated":true}]}}