{"id":88219,"date":"2019-06-29T14:41:23","date_gmt":"2019-06-29T12:41:23","guid":{"rendered":"http:\/\/www.tucomarca.com\/wordpress\/segunda\/?p=88219"},"modified":"2019-06-29T14:41:23","modified_gmt":"2019-06-29T12:41:23","slug":"emergencies-adverteix-als-ajuntaments-que-extremin-la-vigilancia-en-zones-forestals-davant-el-risc-dincendis-per-lonada-de-calor","status":"publish","type":"post","link":"https:\/\/www.tucomarca.com\/wordpress\/segunda\/ca\/emergencies-adverteix-als-ajuntaments-que-extremin-la-vigilancia-en-zones-forestals-davant-el-risc-dincendis-per-lonada-de-calor\/","title":{"rendered":"Emerg\u00e8ncies adverteix als ajuntaments que extremin la vigil\u00e0ncia en zones forestals davant el risc d&#8217;incendis per l&#8217;onada de calor"},"content":{"rendered":"<div class=\"\">\n<figure id=\"attachment_55953\" aria-describedby=\"caption-attachment-55953\" style=\"width: 533px\" class=\"wp-caption alignleft\"><img loading=\"lazy\" decoding=\"async\" class=\" wp-image-55953\" src=\"http:\/\/www.tucomarca.com\/wordpress\/segunda\/wp-content\/uploads\/2017\/04\/Alboracheincendio.jpg\" alt=\"Las brigadas forestales trabajando.\" width=\"533\" height=\"295\" srcset=\"https:\/\/www.tucomarca.com\/wordpress\/segunda\/wp-content\/uploads\/2017\/04\/Alboracheincendio.jpg 1069w, https:\/\/www.tucomarca.com\/wordpress\/segunda\/wp-content\/uploads\/2017\/04\/Alboracheincendio-300x166.jpg 300w, https:\/\/www.tucomarca.com\/wordpress\/segunda\/wp-content\/uploads\/2017\/04\/Alboracheincendio-768x425.jpg 768w, https:\/\/www.tucomarca.com\/wordpress\/segunda\/wp-content\/uploads\/2017\/04\/Alboracheincendio-1024x567.jpg 1024w\" sizes=\"auto, (max-width: 533px) 100vw, 533px\" \/><figcaption id=\"caption-attachment-55953\" class=\"wp-caption-text\">Les brigades forestals treballant.<\/figcaption><\/figure>\n<p><strong>Gabriela Bravo recorda que la Comunitat passar\u00e0 del nivell 2 d&#8217;alerta al 3 si la situaci\u00f3 ho aconsella, amb el que es prohibir\u00e0 l&#8217;\u00fas de paellers i zones p\u00fabliques de barbacoa<\/strong><\/p>\n<p><strong>S&#8217;han planificat vols de vigil\u00e0ncia sobre les \u00e0rees boscoses d&#8217;especial vulnerabilitat i estan previnguts m\u00e9s d&#8217;un miler d&#8217;efectius per si es produeix algun foc<\/strong><\/p>\n<p>L&#8217;Ag\u00e8ncia de Seguretat i Resposta a les Emerg\u00e8ncies, a trav\u00e9s del Centre de Coordinaci\u00f3 d&#8217;Emerg\u00e8ncies (CCE), a trav\u00e9s d&#8217;un butllet\u00ed d&#8217;av\u00eds especial, ha advertit als ajuntaments i als organismes intervinents en situaci\u00f3 d&#8217;emerg\u00e8ncies que, davant la imminent onada de calor que s&#8217;espera per aquest cap de setmana, mantinguin atenci\u00f3 i seguiment d&#8217;aquesta situaci\u00f3, sobretot pel que fa a la vigil\u00e0ncia de les superf\u00edcies forestals.<\/p>\n<p>Aquest av\u00eds s&#8217;est\u00e9n tamb\u00e9 a aquelles \u00e0rees de vegetaci\u00f3 que, encara que no tinguin la consideraci\u00f3 de terreny forestal, siguin susceptibles de cremar. L&#8217;av\u00eds tamb\u00e9 estableix que s&#8217;han de limitar al m\u00e0xim totes les activitats que suposin un risc d&#8217;incendi en els espais vulnerables al foc mentre duri l&#8217;onada de calor.<\/p>\n<p>Segons l&#8217;Ag\u00e8ncia Estatal de Meteorologia, des d&#8217;aquest dijous i durant tot el cap de setmana, l&#8217;arribada d&#8217;una massa d&#8217;aire tropical continental provocar\u00e0 un augment de les temperatures, especialment a les \u00e0rees de l&#8217;interior. Es superaran els 35 graus de manera generalitzada que poden arribar als 40 en molts punts.<\/p>\n<p>Aix\u00ed, s&#8217;espera que els valors m\u00e9s alts s&#8217;assoleixin entre aquest divendres 28 i el diumenge 30. Les temperatures nocturnes seran tamb\u00e9 molt elevades, ja que no baixaran dels 25 graus.<\/p>\n<p>La consellera de Just\u00edcia, Interior i Administraci\u00f3 P\u00fablica, Gabriela Bravo, ha explicat que el nivell d&#8217;alerta 2, que est\u00e0 en vigor ara, pot elevar al 3 si la situaci\u00f3 aix\u00ed ho aconsella. En aquest cas, quedaria prohibit qualsevol activitat que impliqu\u00e9s risc d&#8217;incendis com els trets pirot\u00e8cnics en zones de risc aix\u00ed com l&#8217;\u00fas de paellers o zones p\u00fabliques de barbacoa. En aquest sentit, la consellera ha insistit en la import\u00e0ncia de seguir el canal oficial d&#8217;informaci\u00f3 d&#8217;Emerg\u00e8ncies, el compte oficial de Twitter @ GVA112, per estar al dia de l&#8217;evoluci\u00f3 de l&#8217;onada de calor i en quin nivell de gravetat es troba.<\/p>\n<p>A m\u00e9s, Gabriela Bravo ha destacat la import\u00e0ncia de comptar amb l&#8217;ajuda de la poblaci\u00f3 per a la millor protecci\u00f3 del patrimoni natural valenci\u00e0. &#8220;Davant de qualsevol albirament d&#8217;una columna de fum o foc cal trucar r\u00e0pidament al tel\u00e8fon 1 \u00b7 1 \u00b7 2 perqu\u00e8 una trucada r\u00e0pida permet millorar el temps de resposta&#8221;, ha assegurat.<\/p>\n<p><strong>Vols de vigil\u00e0ncia i un miler d&#8217;efectius preparats<\/strong><\/p>\n<p>Entre les mesures planificades per aquests dies s&#8217;inclouen diversos vols diaris de vigil\u00e0ncia que recorreran tota la Comunitat Valenciana. A m\u00e9s, m\u00e9s d&#8217;un miler d&#8217;efectius que coordinar\u00e0 l&#8217;Ag\u00e8ncia est\u00e0 previngut per actuar en el cas que fos necessari.<\/p>\n<p>En concret, aquest dispositiu est\u00e0 format per 56 unitats Forestals m\u00e9s de 6 helitransportades i 45 autobombes atesos per una dotaci\u00f3 di\u00e0ria de 370 bombers. A aix\u00f2 cal sumar 9 helic\u00f2pters (2 de coordinaci\u00f3 i 7 d&#8217;extinci\u00f3), 9 avions (7 de terra i 2 amfibis), 459 persones adscrites al servei de vigil\u00e0ncia preventiva repartides entre 66 observatoris forestals.<\/p>\n<p>Tamb\u00e9 estan en situaci\u00f3 d&#8217;alerta els agents mediambientals dependents de la Generalitat. A aquests intervinents cal sumar els efectius dels tres consorcis provincials de bombers, les brigades de Divalterra, el personal de la Unitat Militar d&#8217;Emerg\u00e8ncies, la Gu\u00e0rdia Civil i les policies locals dels diferents ajuntaments, que poden mobilitzar-se si \u00e9s necessari activar el Pla Especial d&#8217;Incendis Forestals.<\/p>\n<p>Gabriela Bravo ha recordat que, una de les grans novetats d&#8217;aquest any, \u00e9s la recentment ampliada flota de drones de la CCE. A l&#8217;dron amb c\u00e0mera termogr\u00e0fica de gran resoluci\u00f3, que ja ha estat utilitzat tant en incendis com en la recerca de persones, se sumen dos nous aparells m\u00e9s lleugers amb m\u00e9s autonomia de vol i capa\u00e7os de volar de nit i que tamb\u00e9 t\u00e9 amb altaveus i focus de visualitzaci\u00f3 per a la recerca de persones extraviades.<\/p>\n<p><strong>Consells<\/strong><\/p>\n<p>Des de l&#8217;Ag\u00e8ncia d&#8217;Emerg\u00e8ncies s&#8217;aconsella anar amb compte amb el sol entre les 12 i les 16 hores, aix\u00ed com abstenir-se de realitzar exercici f\u00edsic durant aquest per\u00edode del dia. A m\u00e9s, es recorda que cal utilitzar cremes protectores adequades i beure molta aigua, aix\u00ed com evitar la ingesta d&#8217;alcohol i cafe\u00efna. Tamb\u00e9 s&#8217;ha de tenir m\u00e0xima precauci\u00f3 en els vehicles i no deixar en el seu interior sense ventilar ni refrigerar a nens, gent gran i mascotes.<br \/>\nPer a m\u00e9s informaci\u00f3: <strong>http:\/\/www.112cv.gva.es\/va\/<\/strong><\/p>\n<\/div>\n<div class=\"\"><\/div>\n","protected":false},"excerpt":{"rendered":"<div class=\"mh-excerpt\">Gabriela Bravo recorda que la Comunitat passar\u00e0 del nivell 2 d&#8217;alerta al 3 si la situaci\u00f3 ho aconsella, amb el que es prohibir\u00e0 l&#8217;\u00fas de paellers i zones p\u00fabliques de barbacoa S&#8217;han planificat vols de <a class=\"mh-excerpt-more\" href=\"https:\/\/www.tucomarca.com\/wordpress\/segunda\/ca\/emergencies-adverteix-als-ajuntaments-que-extremin-la-vigilancia-en-zones-forestals-davant-el-risc-dincendis-per-lonada-de-calor\/\" title=\"Emerg\u00e8ncies adverteix als ajuntaments que extremin la vigil\u00e0ncia en zones forestals davant el risc d&#8217;incendis per l&#8217;onada de calor\">[+] <\/a><\/div>\n","protected":false},"author":2,"featured_media":71740,"comment_status":"open","ping_status":"open","sticky":false,"template":"","format":"standard","meta":{"footnotes":""},"categories":[10898,10894,10904,10903,10896],"tags":[11722],"class_list":{"0":"post-88219","1":"post","2":"type-post","3":"status-publish","4":"format-standard","5":"has-post-thumbnail","7":"category-ventana-ca","8":"category-la-comarca-ca","9":"category-sin-categorizar-ca","10":"category-medio-ambiente-la-comarca-ca","11":"category-seccion-ca","12":"tag-emergencies"},"_links":{"self":[{"href":"https:\/\/www.tucomarca.com\/wordpress\/segunda\/ca\/wp-json\/wp\/v2\/posts\/88219","targetHints":{"allow":["GET"]}}],"collection":[{"href":"https:\/\/www.tucomarca.com\/wordpress\/segunda\/ca\/wp-json\/wp\/v2\/posts"}],"about":[{"href":"https:\/\/www.tucomarca.com\/wordpress\/segunda\/ca\/wp-json\/wp\/v2\/types\/post"}],"author":[{"embeddable":true,"href":"https:\/\/www.tucomarca.com\/wordpress\/segunda\/ca\/wp-json\/wp\/v2\/users\/2"}],"replies":[{"embeddable":true,"href":"https:\/\/www.tucomarca.com\/wordpress\/segunda\/ca\/wp-json\/wp\/v2\/comments?post=88219"}],"version-history":[{"count":0,"href":"https:\/\/www.tucomarca.com\/wordpress\/segunda\/ca\/wp-json\/wp\/v2\/posts\/88219\/revisions"}],"wp:featuredmedia":[{"embeddable":true,"href":"https:\/\/www.tucomarca.com\/wordpress\/segunda\/ca\/wp-json\/wp\/v2\/media\/71740"}],"wp:attachment":[{"href":"https:\/\/www.tucomarca.com\/wordpress\/segunda\/ca\/wp-json\/wp\/v2\/media?parent=88219"}],"wp:term":[{"taxonomy":"category","embeddable":true,"href":"https:\/\/www.tucomarca.com\/wordpress\/segunda\/ca\/wp-json\/wp\/v2\/categories?post=88219"},{"taxonomy":"post_tag","embeddable":true,"href":"https:\/\/www.tucomarca.com\/wordpress\/segunda\/ca\/wp-json\/wp\/v2\/tags?post=88219"}],"curies":[{"name":"wp","href":"https:\/\/api.w.org\/{rel}","templated":true}]}}