{"id":88694,"date":"2019-07-12T14:29:37","date_gmt":"2019-07-12T12:29:37","guid":{"rendered":"http:\/\/www.tucomarca.com\/wordpress\/segunda\/?p=88694"},"modified":"2019-07-12T14:29:37","modified_gmt":"2019-07-12T12:29:37","slug":"sanitat-activa-lalerta-per-calor-alt-i-extrem-a-zones-de-deu-comarques-de-la-comunitat-valenciana","status":"publish","type":"post","link":"https:\/\/www.tucomarca.com\/wordpress\/segunda\/ca\/sanitat-activa-lalerta-per-calor-alt-i-extrem-a-zones-de-deu-comarques-de-la-comunitat-valenciana\/","title":{"rendered":"Sanitat activa l&#8217;alerta per calor alt i extrem a zones de deu comarques de la Comunitat Valenciana"},"content":{"rendered":"<p>La Conselleria de Sanitat Universal i Salut P\u00fablica, segons les prediccions del Centre d&#8217;Estudis Ambientals del Mediterrani CEAM, ha activat per a aquest divendres l&#8217;alerta sanit\u00e0ria per nivell vermell o extrem (temperatures que podrien superar els 41\u00ba) en zones de cinc comarques de la Comunitat Valenciana, la Canal de Navarr\u00e9s, la Foia de Bunyol, la Costera, la Ribera Alta i la Vall d&#8217;Albaida.<\/p>\n<p>Aix\u00ed mateix, s&#8217;ha activat tamb\u00e9 per a aquest divendres l&#8217;alerta taronja (temperatures que podrien superar els 39\u00ba) en zones del Rac\u00f3 d&#8217;Adem\u00fas, Serrans, la Plana d&#8217;Utiel-Requena, la Foia de Bunyol i La Vall de Cofrents-Aiora.<\/p>\n<p>En concret, les zones climatol\u00f2giques en alerta per calor extrema s\u00f3n la 17, 18 i 19. Pel que fa a l&#8217;alerta per nivell taronja s&#8217;activa en les zones climatol\u00f2giques 10, 11, 15 i 16. La previsi\u00f3 per dem\u00e0 \u00e9s que baixin les temperatures .<\/p>\n<p>Les poblacions que corresponen a la zona climatol\u00f2gica 17 s\u00f3n Enguera, Bicorp, Bolbaite, Anna, Xella, Dosaig\u00fces, Millars, Navarr\u00e9s i Quesa.<\/p>\n<p>Les poblacions que corresponen a la zona climatol\u00f2gica 18 s\u00f3n Antella, Barxeta, X\u00e0tiva, Sumac\u00e0rcer, Cotes, Castell\u00f3 de la Ribera, Alc\u00e0ntera de X\u00faquer, Beneixida, Canals, C\u00e0rcer, Cerd\u00e0, Estubeny, Gavarda, Genov\u00e9s, la Granja de la Costera, la Llosa de Ranes, la Pobla Llarga, l&#8217;Alc\u00fadia de Crespins, l&#8217;\u00c8nova, Llanera de Ranes, Llocnou d&#8217;En Fenollet, Manuel, Novetl\u00e8, Rafelguaraf, Rotgl\u00e0 i Corber\u00e0, Sant Joanet, Sellent, Senyera, Torrella i Vall\u00e9s.<\/p>\n<p>Les poblacions que corresponen a la zona climatol\u00f2gica 19 s\u00f3n Ontinyent, Beniatjar, Carr\u00edcola, Llutxent, la Pobla del Duc, Moixent, Vallada, Agullent, Aielo de Malferit, Aielo de Rugat, Albaida, Alfarras\u00ed, Atzeneta d&#8217;Albaida, B\u00e8lgida, Bell\u00fas, Benicolet, Benig\u00e0nim, Benissoda, Benissuera, Bufali, Castell\u00f3 de Rugat, el Palomar, Guadass\u00e9quies, l&#8217;Olleria, Montaverner, Montesa, Montitxelvo, Otos, Pinet, Quatretonda, R\u00e0fol de Salem, Rugat, Salem, Sempere i Terrateig.<\/p>\n<p>Les poblacions que corresponen a la zona climatol\u00f2gica 10 s\u00f3n Vallanca, Ares dels Oms, Alpuente, Castielfabib, La Yesa i Pobla de Sant Miquel.<\/p>\n<p>Les poblacions que corresponen a la zona climatol\u00f2gica 11 s\u00f3n Adem\u00fas, Tu\u00e9jar, Chelva, Alcublas, Andilla, Carrers, Cases Altes, Cases Baixes, Xera, Figueroles de Domenyo, Titaguas i Torre Baixa.<\/p>\n<p>Les poblacions que corresponen a la zona climatol\u00f2gica 15 s\u00f3n Sinarcas, Utiel, Requena, Camporrobles, Set Aig\u00fces, Benag\u00e9ber, Caudete de les Fonts, Fuenterrobles, Venta del Moro i Villargordo del Cabriel.<\/p>\n<p>Les poblacions que corresponen a la zona climatol\u00f2gica 16 s\u00f3n Ayora, Jalance, Cofrents, Cortes de Pallars, Jarafuel, Teresa de Cofrents i Zarra.<\/p>\n<p><strong>Recomanacions davant la calor<\/strong><\/p>\n<p>Aquest augment de temperatures ha provocat que s&#8217;activi el protocol per advertir a la poblaci\u00f3 sobre els riscos que pot ocasionar aquesta situaci\u00f3. Les indicacions estan dirigides especialment als col\u00b7lectius m\u00e9s vulnerables a la calor: la gent gran, les persones amb malalties cr\u00f2niques, els que treballen exposats a altes temperatures, aix\u00ed com nens i nenes.<\/p>\n<p>Es recomana evitar sortir al carrer en les hores m\u00e9s caloroses del dia, utilitzar roba ampla, lleugera i de colors clars i protegir el cap amb una gorra o barret. A la llar s&#8217;aconsella tancar les persianes i baixar els tendals a les fa\u00e7anes exposades al sol, a m\u00e9s de situar-se en les zones m\u00e9s fresques de la casa.<\/p>\n<p>Finalment, s&#8217;insta la poblaci\u00f3 a beure aigua amb freq\u00fc\u00e8ncia, encara que no es tingui set; evitar l&#8217;exc\u00e9s d&#8217;alcohol i les begudes amb molta cafe\u00efna i substituir els menjars abundants i calents per plats freds, fruites i verdures fresques.<\/p>\n<p>La ciutadania pot consultar m\u00e9s informaci\u00f3 i recomanacions per protegir la salut en cas de temperatures extremes a la p\u00e0gina web de la Conselleria de Sanitat Universal i Salut P\u00fablica.<\/p>\n","protected":false},"excerpt":{"rendered":"<div class=\"mh-excerpt\">La Conselleria de Sanitat Universal i Salut P\u00fablica, segons les prediccions del Centre d&#8217;Estudis Ambientals del Mediterrani CEAM, ha activat per a aquest divendres l&#8217;alerta sanit\u00e0ria per nivell vermell o extrem (temperatures que podrien superar <a class=\"mh-excerpt-more\" href=\"https:\/\/www.tucomarca.com\/wordpress\/segunda\/ca\/sanitat-activa-lalerta-per-calor-alt-i-extrem-a-zones-de-deu-comarques-de-la-comunitat-valenciana\/\" title=\"Sanitat activa l&#8217;alerta per calor alt i extrem a zones de deu comarques de la Comunitat Valenciana\">[+] <\/a><\/div>\n","protected":false},"author":1,"featured_media":71049,"comment_status":"open","ping_status":"open","sticky":false,"template":"","format":"standard","meta":{"footnotes":""},"categories":[10890,10951,10892,11010,10898,10963,10894,10904,10912,10902,10909,10896,10897],"tags":[11390],"class_list":{"0":"post-88694","1":"post","2":"type-post","3":"status-publish","4":"format-standard","5":"has-post-thumbnail","7":"category-ademus","8":"category-ayora-cofrentes-ca","9":"category-camp-de-turia-ca","10":"category-canal-salud","11":"category-ventana-ca","12":"category-la-canal-de-navarres-ca","13":"category-la-comarca-ca","14":"category-sin-categorizar-ca","15":"category-la-hoya-ca","16":"category-la-ribera-ca","17":"category-requena-utiel-ca","18":"category-seccion-ca","19":"category-sucesos-la-comarca-ca","20":"tag-sanitat-ca"},"_links":{"self":[{"href":"https:\/\/www.tucomarca.com\/wordpress\/segunda\/ca\/wp-json\/wp\/v2\/posts\/88694","targetHints":{"allow":["GET"]}}],"collection":[{"href":"https:\/\/www.tucomarca.com\/wordpress\/segunda\/ca\/wp-json\/wp\/v2\/posts"}],"about":[{"href":"https:\/\/www.tucomarca.com\/wordpress\/segunda\/ca\/wp-json\/wp\/v2\/types\/post"}],"author":[{"embeddable":true,"href":"https:\/\/www.tucomarca.com\/wordpress\/segunda\/ca\/wp-json\/wp\/v2\/users\/1"}],"replies":[{"embeddable":true,"href":"https:\/\/www.tucomarca.com\/wordpress\/segunda\/ca\/wp-json\/wp\/v2\/comments?post=88694"}],"version-history":[{"count":0,"href":"https:\/\/www.tucomarca.com\/wordpress\/segunda\/ca\/wp-json\/wp\/v2\/posts\/88694\/revisions"}],"wp:featuredmedia":[{"embeddable":true,"href":"https:\/\/www.tucomarca.com\/wordpress\/segunda\/ca\/wp-json\/wp\/v2\/media\/71049"}],"wp:attachment":[{"href":"https:\/\/www.tucomarca.com\/wordpress\/segunda\/ca\/wp-json\/wp\/v2\/media?parent=88694"}],"wp:term":[{"taxonomy":"category","embeddable":true,"href":"https:\/\/www.tucomarca.com\/wordpress\/segunda\/ca\/wp-json\/wp\/v2\/categories?post=88694"},{"taxonomy":"post_tag","embeddable":true,"href":"https:\/\/www.tucomarca.com\/wordpress\/segunda\/ca\/wp-json\/wp\/v2\/tags?post=88694"}],"curies":[{"name":"wp","href":"https:\/\/api.w.org\/{rel}","templated":true}]}}