{"id":88702,"date":"2019-07-12T14:42:31","date_gmt":"2019-07-12T12:42:31","guid":{"rendered":"http:\/\/www.tucomarca.com\/wordpress\/segunda\/?p=88702"},"modified":"2019-07-12T14:42:31","modified_gmt":"2019-07-12T12:42:31","slug":"la-guardia-civil-dete-un-home-per-amenaces-al-seu-cap-a-chiva-i-tinenca-il%c2%b7licita-darmes","status":"publish","type":"post","link":"https:\/\/www.tucomarca.com\/wordpress\/segunda\/ca\/la-guardia-civil-dete-un-home-per-amenaces-al-seu-cap-a-chiva-i-tinenca-il%c2%b7licita-darmes\/","title":{"rendered":"La Gu\u00e0rdia Civil det\u00e9 un home per amenaces al seu cap a Chiva i tinen\u00e7a il\u00b7l\u00edcita d&#8217;armes"},"content":{"rendered":"<figure id=\"attachment_88699\" aria-describedby=\"caption-attachment-88699\" style=\"width: 378px\" class=\"wp-caption alignleft\"><img loading=\"lazy\" decoding=\"async\" class=\" wp-image-88699\" src=\"http:\/\/www.tucomarca.com\/wordpress\/segunda\/wp-content\/uploads\/2019\/07\/GCChiva.jpg\" alt=\"El detenido mostr\u00f3 una arma de fuego y una bala a su jefe amenaz\u00e1ndolo con estas palabras \u201cEsta bala es para ti\u201d.\" width=\"378\" height=\"283\" srcset=\"https:\/\/www.tucomarca.com\/wordpress\/segunda\/wp-content\/uploads\/2019\/07\/GCChiva.jpg 3264w, https:\/\/www.tucomarca.com\/wordpress\/segunda\/wp-content\/uploads\/2019\/07\/GCChiva-300x225.jpg 300w, https:\/\/www.tucomarca.com\/wordpress\/segunda\/wp-content\/uploads\/2019\/07\/GCChiva-768x576.jpg 768w, https:\/\/www.tucomarca.com\/wordpress\/segunda\/wp-content\/uploads\/2019\/07\/GCChiva-1024x768.jpg 1024w\" sizes=\"auto, (max-width: 378px) 100vw, 378px\" \/><figcaption id=\"caption-attachment-88699\" class=\"wp-caption-text\">El detingut va mostrar una arma de foc i una bala al seu cap amena\u00e7ant-lo amb aquestes paraules &#8220;Aquesta bala \u00e9s per a tu&#8221;.<\/figcaption><\/figure>\n<p>La Gu\u00e0rdia Civil de la localitat de Picassent va rebre un av\u00eds el passat dia 2 de juliol informant que en un domicili de la localitat de Xiva &#8220;s&#8217;havia personat una persona amb una arma de foc amena\u00e7ant a habitant de mort, per ser acomiadat laboralment&#8221; , segons fonts de la Comand\u00e0ncia de Val\u00e8ncia.<\/p>\n<p>La Gu\u00e0rdia Civil inici l&#8217;operaci\u00f3 SERIAL en col\u00b7laboraci\u00f3 amb la Policia Local d&#8217;Alcasser aconseguint identificar el responsable dels fets delictius i per aix\u00f2 es va establir un operatiu de recerca.<\/p>\n<p>El dia despr\u00e9s es va poder localitzar i detenir l&#8217;autor dels fets pels agent de la Gu\u00e0rdia Civil de Picasssent per un suposat delicte d&#8217;amenaces de mort i tinen\u00e7a il\u00b7l\u00edcita d&#8217;armes.<\/p>\n<p>Despr\u00e9s de dos registres practicats en l&#8217;habitatge i un magatzem de l&#8217;autor dels fets. Es van intervenir dues armes de foc, munici\u00f3, grillons d&#8217;\u00fas policial, cordons de emmanillament, fundes de carregador, diverses armes blanques, a m\u00e9s de 62 tel\u00e8fons m\u00f2bils.<\/p>\n<p>A l&#8217;autor dels fets va ser detingut a la localitat d&#8217;Alcasser l&#8217;endem\u00e0 que es produ\u00efssin els fets, de 40 anys d&#8217;edat i nacionalitat uruguaiana se li han atribu\u00eft els delictes d&#8217;amena\u00e7a de mort i tinen\u00e7a il\u00b7l\u00edcita d&#8217;armes.<\/p>\n<p>Les dilig\u00e8ncies han estat lliurades al jutjat de Primera Instanica i Instrucci\u00f3 n\u00ba 3 de Picassent.<\/p>\n","protected":false},"excerpt":{"rendered":"<div class=\"mh-excerpt\">La Gu\u00e0rdia Civil de la localitat de Picassent va rebre un av\u00eds el passat dia 2 de juliol informant que en un domicili de la localitat de Xiva &#8220;s&#8217;havia personat una persona amb una arma <a class=\"mh-excerpt-more\" href=\"https:\/\/www.tucomarca.com\/wordpress\/segunda\/ca\/la-guardia-civil-dete-un-home-per-amenaces-al-seu-cap-a-chiva-i-tinenca-il%c2%b7licita-darmes\/\" title=\"La Gu\u00e0rdia Civil det\u00e9 un home per amenaces al seu cap a Chiva i tinen\u00e7a il\u00b7l\u00edcita d&#8217;armes\">[+] <\/a><\/div>\n","protected":false},"author":1,"featured_media":88700,"comment_status":"open","ping_status":"open","sticky":false,"template":"","format":"standard","meta":{"footnotes":""},"categories":[10898,10894,10904,10912,10896,10897,10975],"tags":[11129],"class_list":{"0":"post-88702","1":"post","2":"type-post","3":"status-publish","4":"format-standard","5":"has-post-thumbnail","7":"category-ventana-ca","8":"category-la-comarca-ca","9":"category-sin-categorizar-ca","10":"category-la-hoya-ca","11":"category-seccion-ca","12":"category-sucesos-la-comarca-ca","13":"category-chiva-ca","14":"tag-xiva"},"_links":{"self":[{"href":"https:\/\/www.tucomarca.com\/wordpress\/segunda\/ca\/wp-json\/wp\/v2\/posts\/88702","targetHints":{"allow":["GET"]}}],"collection":[{"href":"https:\/\/www.tucomarca.com\/wordpress\/segunda\/ca\/wp-json\/wp\/v2\/posts"}],"about":[{"href":"https:\/\/www.tucomarca.com\/wordpress\/segunda\/ca\/wp-json\/wp\/v2\/types\/post"}],"author":[{"embeddable":true,"href":"https:\/\/www.tucomarca.com\/wordpress\/segunda\/ca\/wp-json\/wp\/v2\/users\/1"}],"replies":[{"embeddable":true,"href":"https:\/\/www.tucomarca.com\/wordpress\/segunda\/ca\/wp-json\/wp\/v2\/comments?post=88702"}],"version-history":[{"count":0,"href":"https:\/\/www.tucomarca.com\/wordpress\/segunda\/ca\/wp-json\/wp\/v2\/posts\/88702\/revisions"}],"wp:featuredmedia":[{"embeddable":true,"href":"https:\/\/www.tucomarca.com\/wordpress\/segunda\/ca\/wp-json\/wp\/v2\/media\/88700"}],"wp:attachment":[{"href":"https:\/\/www.tucomarca.com\/wordpress\/segunda\/ca\/wp-json\/wp\/v2\/media?parent=88702"}],"wp:term":[{"taxonomy":"category","embeddable":true,"href":"https:\/\/www.tucomarca.com\/wordpress\/segunda\/ca\/wp-json\/wp\/v2\/categories?post=88702"},{"taxonomy":"post_tag","embeddable":true,"href":"https:\/\/www.tucomarca.com\/wordpress\/segunda\/ca\/wp-json\/wp\/v2\/tags?post=88702"}],"curies":[{"name":"wp","href":"https:\/\/api.w.org\/{rel}","templated":true}]}}