{"id":88729,"date":"2019-07-15T14:03:38","date_gmt":"2019-07-15T12:03:38","guid":{"rendered":"http:\/\/www.tucomarca.com\/wordpress\/segunda\/?p=88729"},"modified":"2019-07-15T14:03:38","modified_gmt":"2019-07-15T12:03:38","slug":"el-consistori-requenense-organitza-dues-xerrades-informatives-sota-el-lema-per-unes-festes-responsables","status":"publish","type":"post","link":"https:\/\/www.tucomarca.com\/wordpress\/segunda\/ca\/el-consistori-requenense-organitza-dues-xerrades-informatives-sota-el-lema-per-unes-festes-responsables\/","title":{"rendered":"El consistori requenense organitza dues xerrades informatives sota el lema &#8220;Per unes festes responsables&#8221;"},"content":{"rendered":"<figure id=\"attachment_88725\" aria-describedby=\"caption-attachment-88725\" style=\"width: 372px\" class=\"wp-caption alignleft\"><img loading=\"lazy\" decoding=\"async\" class=\" wp-image-88725\" src=\"http:\/\/www.tucomarca.com\/wordpress\/segunda\/wp-content\/uploads\/2019\/07\/Requenacharlas.jpg\" alt=\"Su principal objetivo es promover un ocio seguro, saludable, responsable y de calidad.\" width=\"372\" height=\"279\" srcset=\"https:\/\/www.tucomarca.com\/wordpress\/segunda\/wp-content\/uploads\/2019\/07\/Requenacharlas.jpg 960w, https:\/\/www.tucomarca.com\/wordpress\/segunda\/wp-content\/uploads\/2019\/07\/Requenacharlas-300x225.jpg 300w, https:\/\/www.tucomarca.com\/wordpress\/segunda\/wp-content\/uploads\/2019\/07\/Requenacharlas-768x576.jpg 768w\" sizes=\"auto, (max-width: 372px) 100vw, 372px\" \/><figcaption id=\"caption-attachment-88725\" class=\"wp-caption-text\">El seu principal objectiu \u00e9s promoure un oci segur, saludable, responsable i de qualitat.<\/figcaption><\/figure>\n<p>L&#8217;Ajuntament de Requena convoca dues xerrades informatives que s&#8217;emmarquen dins el programa Servei Responsable, el principal objectiu \u00e9s promocionar un oci segur, saludable, responsable i de qualitat a trav\u00e9s de la col\u00b7laboraci\u00f3 d&#8217;associacions i entitats festeres.<\/p>\n<p>En aquestes xerrades es donaran consells i recomanacions per fomentar unes festes segures i responsables.<\/p>\n<p>La primera est\u00e0 dirigida als m\u00e9s joves participants de la festa de la Verema i es realitza aquest dilluns 15 de juliol a les 19,00 h. al Sal\u00f3 del Centre Social de Requena.<\/p>\n<p>La segona est\u00e0 dirigida als \/ a les pares \/ mares i coordinadors de la Festa de la Verema i associacions festives.<\/p>\n<p>Es dur\u00e0 a terme el proper dimecres 17 de juliol a les 19,30 h. tamb\u00e9 al Sal\u00f3 del Centre Social de Requena, situat al Carrer Vila Joiosa, 4.<\/p>\n<p>Les festes populars representen una mostra caracter\u00edstica de la cultura i de la identitat d&#8217;un poble, un moment especialment idoni en el qual transmetre, tant als membres de la comunitat com als seus visitants, els valors i les tradicions de la seva gent.<\/p>\n<p>Per desgr\u00e0cia, els problemes relacionats amb el consum abusiu d&#8217;alcohol i de tot tipus de drogues i altres factors de risc associats a ells, semblen acaparar tota l&#8217;atenci\u00f3 medi\u00e0tica transmetent una imatge negativa de les festes populars en general.<\/p>\n<p>En aquest context, sembla especialment oport\u00fa la posada en marxa d&#8217;activitats que permetin posar en valor el comprom\u00eds dels diferents col\u00b7lectius i entitats festeres per promoure unes festes populars cada vegada m\u00e9s segures i m\u00e9s responsables, el que a m\u00e9s contribuir\u00e0 a potenciar la cohesi\u00f3 i les bones relacions entre els col\u00b7lectius festers i l&#8217;administraci\u00f3.<\/p>\n","protected":false},"excerpt":{"rendered":"<div class=\"mh-excerpt\">L&#8217;Ajuntament de Requena convoca dues xerrades informatives que s&#8217;emmarquen dins el programa Servei Responsable, el principal objectiu \u00e9s promocionar un oci segur, saludable, responsable i de qualitat a trav\u00e9s de la col\u00b7laboraci\u00f3 d&#8217;associacions i entitats <a class=\"mh-excerpt-more\" href=\"https:\/\/www.tucomarca.com\/wordpress\/segunda\/ca\/el-consistori-requenense-organitza-dues-xerrades-informatives-sota-el-lema-per-unes-festes-responsables\/\" title=\"El consistori requenense organitza dues xerrades informatives sota el lema &#8220;Per unes festes responsables&#8221;\">[+] <\/a><\/div>\n","protected":false},"author":1,"featured_media":88726,"comment_status":"open","ping_status":"open","sticky":false,"template":"","format":"standard","meta":{"footnotes":""},"categories":[11019,11007,10908,10909,10896],"tags":[10910],"class_list":{"0":"post-88729","1":"post","2":"type-post","3":"status-publish","4":"format-standard","5":"has-post-thumbnail","7":"category-agenda-ca","8":"category-ocio-y-cultura-ca","9":"category-requena-ca","10":"category-requena-utiel-ca","11":"category-seccion-ca","12":"tag-requena-utiel-ca"},"_links":{"self":[{"href":"https:\/\/www.tucomarca.com\/wordpress\/segunda\/ca\/wp-json\/wp\/v2\/posts\/88729","targetHints":{"allow":["GET"]}}],"collection":[{"href":"https:\/\/www.tucomarca.com\/wordpress\/segunda\/ca\/wp-json\/wp\/v2\/posts"}],"about":[{"href":"https:\/\/www.tucomarca.com\/wordpress\/segunda\/ca\/wp-json\/wp\/v2\/types\/post"}],"author":[{"embeddable":true,"href":"https:\/\/www.tucomarca.com\/wordpress\/segunda\/ca\/wp-json\/wp\/v2\/users\/1"}],"replies":[{"embeddable":true,"href":"https:\/\/www.tucomarca.com\/wordpress\/segunda\/ca\/wp-json\/wp\/v2\/comments?post=88729"}],"version-history":[{"count":0,"href":"https:\/\/www.tucomarca.com\/wordpress\/segunda\/ca\/wp-json\/wp\/v2\/posts\/88729\/revisions"}],"wp:featuredmedia":[{"embeddable":true,"href":"https:\/\/www.tucomarca.com\/wordpress\/segunda\/ca\/wp-json\/wp\/v2\/media\/88726"}],"wp:attachment":[{"href":"https:\/\/www.tucomarca.com\/wordpress\/segunda\/ca\/wp-json\/wp\/v2\/media?parent=88729"}],"wp:term":[{"taxonomy":"category","embeddable":true,"href":"https:\/\/www.tucomarca.com\/wordpress\/segunda\/ca\/wp-json\/wp\/v2\/categories?post=88729"},{"taxonomy":"post_tag","embeddable":true,"href":"https:\/\/www.tucomarca.com\/wordpress\/segunda\/ca\/wp-json\/wp\/v2\/tags?post=88729"}],"curies":[{"name":"wp","href":"https:\/\/api.w.org\/{rel}","templated":true}]}}