{"id":89077,"date":"2019-07-17T14:47:27","date_gmt":"2019-07-17T12:47:27","guid":{"rendered":"http:\/\/www.tucomarca.com\/wordpress\/segunda\/?p=89077"},"modified":"2019-07-17T14:47:27","modified_gmt":"2019-07-17T12:47:27","slug":"lescola-dadults-de-turis-celebra-el-fi-de-curs-amb-un-sopar-de-germanor","status":"publish","type":"post","link":"https:\/\/www.tucomarca.com\/wordpress\/segunda\/ca\/lescola-dadults-de-turis-celebra-el-fi-de-curs-amb-un-sopar-de-germanor\/","title":{"rendered":"L\u2019escola d\u2019adults de Tur\u00eds celebra el fi de curs amb un sopar de germanor"},"content":{"rendered":"<figure id=\"attachment_89074\" aria-describedby=\"caption-attachment-89074\" style=\"width: 354px\" class=\"wp-caption alignleft\"><img loading=\"lazy\" decoding=\"async\" class=\" wp-image-89074\" src=\"http:\/\/www.tucomarca.com\/wordpress\/segunda\/wp-content\/uploads\/2019\/07\/cena1.jpg\" alt=\"El Centro de Formaci\u00f3n de Personas Adultas de Tur\u00eds celebr\u00f3 el fin del curso 2018-2019 con la primera gran cena de hermandad que acoge este verano la plaza Vicent Ribes.\" width=\"354\" height=\"265\" srcset=\"https:\/\/www.tucomarca.com\/wordpress\/segunda\/wp-content\/uploads\/2019\/07\/cena1.jpg 960w, https:\/\/www.tucomarca.com\/wordpress\/segunda\/wp-content\/uploads\/2019\/07\/cena1-300x225.jpg 300w, https:\/\/www.tucomarca.com\/wordpress\/segunda\/wp-content\/uploads\/2019\/07\/cena1-768x576.jpg 768w\" sizes=\"auto, (max-width: 354px) 100vw, 354px\" \/><figcaption id=\"caption-attachment-89074\" class=\"wp-caption-text\">El Centre de Formaci\u00f3 de Persones Adultes de\u00a0Tur\u00eds\u00a0celebr\u00e0 la fi del curs 2018-2019 amb el primer gran sopar de germanor que acull\u00a0este\u00a0estiu a la pla\u00e7a Vicent Ribes.<\/figcaption><\/figure>\n<p>El Centre de Formaci\u00f3 de Persones Adultes de\u00a0Tur\u00eds\u00a0celebr\u00e0 la fi del curs 2018-2019 amb el primer gran sopar de germanor que acull\u00a0este\u00a0estiu a la pla\u00e7a Vicent Ribes.<\/p>\n<p>Va ser una nit molt especial per fer escola en la que es van reunir m\u00e9s de 170 alumnes dels cursos de graduat ESO, castell\u00e0 per a estrangers, angl\u00e9s, valenci\u00e0, taller d&#8217;inform\u00e0tica, de tall i confecci\u00f3, de pintura art\u00edstica i d&#8217;arts pl\u00e0stiques.<\/p>\n<p>Junt amb el\u00a0profesorat\u00a0i la directora del Centre,\u00a0Ana\u00a0Guzm\u00e1n, tamb\u00e9 van estar presents al sopar l&#8217;Alcalde\u00a0Eugenio\u00a0Forta\u00f1a, i la regidora d&#8217;Educaci\u00f3 Isabel Guaita amb la resta de la corporaci\u00f3 aix\u00ed com el president de la Fundaci\u00f3 Caixatur\u00eds,\u00a0Jaime\u00a0Pastor.<\/p>\n","protected":false},"excerpt":{"rendered":"<div class=\"mh-excerpt\">El Centre de Formaci\u00f3 de Persones Adultes de\u00a0Tur\u00eds\u00a0celebr\u00e0 la fi del curs 2018-2019 amb el primer gran sopar de germanor que acull\u00a0este\u00a0estiu a la pla\u00e7a Vicent Ribes. Va ser una nit molt especial per fer <a class=\"mh-excerpt-more\" href=\"https:\/\/www.tucomarca.com\/wordpress\/segunda\/ca\/lescola-dadults-de-turis-celebra-el-fi-de-curs-amb-un-sopar-de-germanor\/\" title=\"L\u2019escola d\u2019adults de Tur\u00eds celebra el fi de curs amb un sopar de germanor\">[+] <\/a><\/div>\n","protected":false},"author":1,"featured_media":89075,"comment_status":"open","ping_status":"open","sticky":false,"template":"","format":"standard","meta":{"footnotes":""},"categories":[10902,11004,11008,10896,11047],"tags":[11077,11093],"class_list":{"0":"post-89077","1":"post","2":"type-post","3":"status-publish","4":"format-standard","5":"has-post-thumbnail","7":"category-la-ribera-ca","8":"category-la-semana-en-imagenes-ca","9":"category-pueblos-en-fiestas-ca","10":"category-seccion-ca","11":"category-turis-ca","12":"tag-la-ribera-alta-ca","13":"tag-turis-ca"},"_links":{"self":[{"href":"https:\/\/www.tucomarca.com\/wordpress\/segunda\/ca\/wp-json\/wp\/v2\/posts\/89077","targetHints":{"allow":["GET"]}}],"collection":[{"href":"https:\/\/www.tucomarca.com\/wordpress\/segunda\/ca\/wp-json\/wp\/v2\/posts"}],"about":[{"href":"https:\/\/www.tucomarca.com\/wordpress\/segunda\/ca\/wp-json\/wp\/v2\/types\/post"}],"author":[{"embeddable":true,"href":"https:\/\/www.tucomarca.com\/wordpress\/segunda\/ca\/wp-json\/wp\/v2\/users\/1"}],"replies":[{"embeddable":true,"href":"https:\/\/www.tucomarca.com\/wordpress\/segunda\/ca\/wp-json\/wp\/v2\/comments?post=89077"}],"version-history":[{"count":0,"href":"https:\/\/www.tucomarca.com\/wordpress\/segunda\/ca\/wp-json\/wp\/v2\/posts\/89077\/revisions"}],"wp:featuredmedia":[{"embeddable":true,"href":"https:\/\/www.tucomarca.com\/wordpress\/segunda\/ca\/wp-json\/wp\/v2\/media\/89075"}],"wp:attachment":[{"href":"https:\/\/www.tucomarca.com\/wordpress\/segunda\/ca\/wp-json\/wp\/v2\/media?parent=89077"}],"wp:term":[{"taxonomy":"category","embeddable":true,"href":"https:\/\/www.tucomarca.com\/wordpress\/segunda\/ca\/wp-json\/wp\/v2\/categories?post=89077"},{"taxonomy":"post_tag","embeddable":true,"href":"https:\/\/www.tucomarca.com\/wordpress\/segunda\/ca\/wp-json\/wp\/v2\/tags?post=89077"}],"curies":[{"name":"wp","href":"https:\/\/api.w.org\/{rel}","templated":true}]}}