{"id":89141,"date":"2019-07-17T14:50:21","date_gmt":"2019-07-17T12:50:21","guid":{"rendered":"http:\/\/www.tucomarca.com\/wordpress\/segunda\/?p=89141"},"modified":"2019-07-17T14:50:21","modified_gmt":"2019-07-17T12:50:21","slug":"les-obres-del-pla-som-2018-2019-dutiel-ja-estan-executades-en-un-80","status":"publish","type":"post","link":"https:\/\/www.tucomarca.com\/wordpress\/segunda\/ca\/les-obres-del-pla-som-2018-2019-dutiel-ja-estan-executades-en-un-80\/","title":{"rendered":"Les obres del pla SOM 2018-2019 d&#8217;Utiel ja estan executades en un 80%"},"content":{"rendered":"<div class=\"page\" title=\"Page 1\">\n<div class=\"layoutArea\">\n<div class=\"column\">\n<figure id=\"attachment_89142\" aria-describedby=\"caption-attachment-89142\" style=\"width: 640px\" class=\"wp-caption alignnone\"><img loading=\"lazy\" decoding=\"async\" class=\"size-full wp-image-89142\" src=\"http:\/\/www.tucomarca.com\/wordpress\/segunda\/wp-content\/uploads\/2019\/07\/Obras-Reurbanizaci\u00f3n-Plaza-Miguel-Ballesteros-Utiel.jpeg\" alt=\"La Diputaci\u00f3 de Val\u00e8ncia ha ampliat fins al 30 d'abril de 2020 el termini d'execuci\u00f3 d'obres encara a Utiel estaran finalitzades en el proper mes d'agost.\" width=\"640\" height=\"480\" srcset=\"https:\/\/www.tucomarca.com\/wordpress\/segunda\/wp-content\/uploads\/2019\/07\/Obras-Reurbanizaci\u00f3n-Plaza-Miguel-Ballesteros-Utiel.jpeg 640w, https:\/\/www.tucomarca.com\/wordpress\/segunda\/wp-content\/uploads\/2019\/07\/Obras-Reurbanizaci\u00f3n-Plaza-Miguel-Ballesteros-Utiel-300x225.jpeg 300w\" sizes=\"auto, (max-width: 640px) 100vw, 640px\" \/><figcaption id=\"caption-attachment-89142\" class=\"wp-caption-text\">La Diputaci\u00f3 de Val\u00e8ncia ha ampliat fins al 30 d&#8217;abril de 2020 el termini d&#8217;execuci\u00f3 d&#8217;obres encara a Utiel estaran finalitzades en el proper mes d&#8217;agost.<\/figcaption><\/figure>\n<p>Les obres incloses en el Pla de Serveis i Obres Municipals (SOM) 2018- 2019 d&#8217;Utiel ja estan executades al 80%, quedant tan sols per realitzar 3 actuacions del total d&#8217;inversions presentades.<\/p>\n<p>La corporaci\u00f3 provincial anunciava fa uns dies l&#8217;ampliaci\u00f3 del termini d&#8217;execuci\u00f3 de les obres vinculades a aquest programa bianual fins al 30 d&#8217;abril. No obstant aix\u00f2, en el cas d&#8217;Utiel i pedanies, la majoria de les obres ja s&#8217;han finalitzat, quedant tan sols per comen\u00e7ar 3 intervencions que estaran concloses com a termini l\u00edmit a l&#8217;agost.<\/p>\n<p>A Utiel s&#8217;ha escom\u00e8s la reurbanitzaci\u00f3 dels carrers Castell i Reial i s&#8217;han reasfaltat vies i \/ o voreres en els carrers Les Nogueres, Pare Jes\u00fas G\u00f3mez, actor Rambal, Cervantes i Avinguda Julio L\u00f3pez Tar\u00edn.<\/p>\n<p>Les obres incloses dins d&#8217;aquest pla en pedanies d&#8217;Utiel s&#8217;han finalitzat a El Remei amb la reparaci\u00f3 de mur; en Estenas s&#8217;ha executat la coronaci\u00f3 de la piscina municipal; a Las Casas es va intervenir en voreres de C \/ Val\u00e8ncia i Travessia de Caudete i en Els Corrals en Carrer Nord i Avinguda del Poliesportiu.<\/p>\n<p>En aquest moment s&#8217;est\u00e0 reurbanitzant la Pla\u00e7a Miguel Ballesteros d&#8217;Utiel i es troben pendents d&#8217;execuci\u00f3 les voreres als carrers Utiel i Luis de C\u00f2rdova Ballesteros a la pedania de les Cuevas, aix\u00ed com la millora de prove\u00efment d&#8217;Pla\u00e7a d&#8217;Espanya a la pedania de la Torre.<\/p>\n<p>La inversi\u00f3 total de les obres incloses en el programa provincial SOM 2018-2019 d&#8217;Utiel i pedanies ascendeix a m\u00e9s de 466.000 \u20ac.<\/p>\n<\/div>\n<\/div>\n<\/div>\n","protected":false},"excerpt":{"rendered":"<div class=\"mh-excerpt\">Les obres incloses en el Pla de Serveis i Obres Municipals (SOM) 2018- 2019 d&#8217;Utiel ja estan executades al 80%, quedant tan sols per realitzar 3 actuacions del total d&#8217;inversions presentades. La corporaci\u00f3 provincial anunciava <a class=\"mh-excerpt-more\" href=\"https:\/\/www.tucomarca.com\/wordpress\/segunda\/ca\/les-obres-del-pla-som-2018-2019-dutiel-ja-estan-executades-en-un-80\/\" title=\"Les obres del pla SOM 2018-2019 d&#8217;Utiel ja estan executades en un 80%\">[+] <\/a><\/div>\n","protected":false},"author":1,"featured_media":89142,"comment_status":"open","ping_status":"open","sticky":false,"template":"","format":"standard","meta":{"footnotes":""},"categories":[10948,10894,10947,10909,10896,11059],"tags":[10910,11174],"class_list":{"0":"post-89141","1":"post","2":"type-post","3":"status-publish","4":"format-standard","5":"has-post-thumbnail","7":"category-infraestructuras-ca","8":"category-la-comarca-ca","9":"category-politica","10":"category-requena-utiel-ca","11":"category-seccion-ca","12":"category-utiel-ca","13":"tag-requena-utiel-ca","14":"tag-utiel-ca"},"_links":{"self":[{"href":"https:\/\/www.tucomarca.com\/wordpress\/segunda\/ca\/wp-json\/wp\/v2\/posts\/89141","targetHints":{"allow":["GET"]}}],"collection":[{"href":"https:\/\/www.tucomarca.com\/wordpress\/segunda\/ca\/wp-json\/wp\/v2\/posts"}],"about":[{"href":"https:\/\/www.tucomarca.com\/wordpress\/segunda\/ca\/wp-json\/wp\/v2\/types\/post"}],"author":[{"embeddable":true,"href":"https:\/\/www.tucomarca.com\/wordpress\/segunda\/ca\/wp-json\/wp\/v2\/users\/1"}],"replies":[{"embeddable":true,"href":"https:\/\/www.tucomarca.com\/wordpress\/segunda\/ca\/wp-json\/wp\/v2\/comments?post=89141"}],"version-history":[{"count":0,"href":"https:\/\/www.tucomarca.com\/wordpress\/segunda\/ca\/wp-json\/wp\/v2\/posts\/89141\/revisions"}],"wp:featuredmedia":[{"embeddable":true,"href":"https:\/\/www.tucomarca.com\/wordpress\/segunda\/ca\/wp-json\/wp\/v2\/media\/89142"}],"wp:attachment":[{"href":"https:\/\/www.tucomarca.com\/wordpress\/segunda\/ca\/wp-json\/wp\/v2\/media?parent=89141"}],"wp:term":[{"taxonomy":"category","embeddable":true,"href":"https:\/\/www.tucomarca.com\/wordpress\/segunda\/ca\/wp-json\/wp\/v2\/categories?post=89141"},{"taxonomy":"post_tag","embeddable":true,"href":"https:\/\/www.tucomarca.com\/wordpress\/segunda\/ca\/wp-json\/wp\/v2\/tags?post=89141"}],"curies":[{"name":"wp","href":"https:\/\/api.w.org\/{rel}","templated":true}]}}