{"id":89189,"date":"2019-07-18T08:39:43","date_gmt":"2019-07-18T06:39:43","guid":{"rendered":"http:\/\/www.tucomarca.com\/wordpress\/segunda\/?p=89189"},"modified":"2019-07-18T08:39:43","modified_gmt":"2019-07-18T06:39:43","slug":"lajuntament-de-xest-restaura-la-seua-facana","status":"publish","type":"post","link":"https:\/\/www.tucomarca.com\/wordpress\/segunda\/ca\/lajuntament-de-xest-restaura-la-seua-facana\/","title":{"rendered":"L&#8217;Ajuntament de Xest restaura la seua fa\u00e7ana"},"content":{"rendered":"<figure id=\"attachment_89186\" aria-describedby=\"caption-attachment-89186\" style=\"width: 629px\" class=\"wp-caption alignnone\"><img loading=\"lazy\" decoding=\"async\" class=\" wp-image-89186\" src=\"http:\/\/www.tucomarca.com\/wordpress\/segunda\/wp-content\/uploads\/2019\/07\/Fachada-Ayuntamiento.jpg\" alt=\"Tras un mes de intervenciones, la fachada del Ayuntamiento de Cheste ya luce restaurada y pintada\" width=\"629\" height=\"472\" \/><figcaption id=\"caption-attachment-89186\" class=\"wp-caption-text\">Despr\u00e9s d&#8217;un mes d&#8217;intervencions, la fa\u00e7ana de l&#8217;Ajuntament de Xest ja llueix restaurada i pintada<\/figcaption><\/figure>\n<p>Despr\u00e9s d&#8217;un mes d&#8217;intervencions, la fa\u00e7ana de l&#8217;Ajuntament de Xest ja llueix restaurada i pintada. Tal com va explicar l&#8217;alcalde de Xest, Jos\u00e9 Morell, les obres a la fa\u00e7ana del consistori es van haver de realitzar &#8220;per motius de seguretat&#8221; i han suposat una inversi\u00f3 de 84.209,03 euros (IVA incl\u00f2s), pressupost provinent de la venda de una parcel\u00b7la del Parc Empresarial Circuit.<\/p>\n<p>Durant l&#8217;\u00faltim any, a causa dels forts vents i altres agents climatol\u00f2gics, sobretot les motllures i la cornisa de l&#8217;Ajuntament s&#8217;havien vist molt afectades, el que havia obligat a col\u00b7locar una malla de protecci\u00f3 a la part superior de l&#8217;edifici.<\/p>\n<p>&#8220;La fa\u00e7ana necessitava una intervenci\u00f3 forta, ja que es trobava molt deteriorada, amb risc de despreniment d&#8217;enderrocs. L&#8217;\u00faltima restauraci\u00f3 important s&#8217;havia produ\u00eft fa 30 anys &#8220;, ha apuntat Morell. &#8220;Encara que al llarg del temps s&#8217;han anat fent petites intervencions, han estat arranjaments temporals que tapaven els desperfectes del moment per\u00f2 que no servien per a reparar-se a fons. Amb els anys han anat aflorant aquestes intervencions parcials de poca durabilitat i, per seguretat, s&#8217;ha realitzat una rehabilitaci\u00f3 integral, incloent la realitzaci\u00f3 d&#8217;un tast muraria per recuperar una tonalitat semblant al color original de la fa\u00e7ana en l&#8217;any de la seva construcci\u00f3, en 1906 &#8220;.<\/p>\n<p>Segons han informat des del departament d&#8217;urbanisme del consistori, la Direcci\u00f3 General de Patrimoni requeria que es realitz\u00e9s aquesta tast muraria o estudi per obtenir la seq\u00fc\u00e8ncia estratigr\u00e0fica dels paraments de l&#8217;Ajuntament des de la seva edificaci\u00f3 fins a l&#8217;actualitat, amb la finalitat de determinar la gamma crom\u00e0tica a utilitzar i respectar el color original de l&#8217;edifici.<\/p>\n","protected":false},"excerpt":{"rendered":"<div class=\"mh-excerpt\">Despr\u00e9s d&#8217;un mes d&#8217;intervencions, la fa\u00e7ana de l&#8217;Ajuntament de Xest ja llueix restaurada i pintada. Tal com va explicar l&#8217;alcalde de Xest, Jos\u00e9 Morell, les obres a la fa\u00e7ana del consistori es van haver de <a class=\"mh-excerpt-more\" href=\"https:\/\/www.tucomarca.com\/wordpress\/segunda\/ca\/lajuntament-de-xest-restaura-la-seua-facana\/\" title=\"L&#8217;Ajuntament de Xest restaura la seua fa\u00e7ana\">[+] <\/a><\/div>\n","protected":false},"author":1,"featured_media":89187,"comment_status":"open","ping_status":"open","sticky":false,"template":"","format":"standard","meta":{"footnotes":""},"categories":[10898,10894,10904,10912,10896,10974],"tags":[10914],"class_list":{"0":"post-89189","1":"post","2":"type-post","3":"status-publish","4":"format-standard","5":"has-post-thumbnail","7":"category-ventana-ca","8":"category-la-comarca-ca","9":"category-sin-categorizar-ca","10":"category-la-hoya-ca","11":"category-seccion-ca","12":"category-cheste-ca","13":"tag-la-hoya-de-bunol-chiva-ca"},"_links":{"self":[{"href":"https:\/\/www.tucomarca.com\/wordpress\/segunda\/ca\/wp-json\/wp\/v2\/posts\/89189","targetHints":{"allow":["GET"]}}],"collection":[{"href":"https:\/\/www.tucomarca.com\/wordpress\/segunda\/ca\/wp-json\/wp\/v2\/posts"}],"about":[{"href":"https:\/\/www.tucomarca.com\/wordpress\/segunda\/ca\/wp-json\/wp\/v2\/types\/post"}],"author":[{"embeddable":true,"href":"https:\/\/www.tucomarca.com\/wordpress\/segunda\/ca\/wp-json\/wp\/v2\/users\/1"}],"replies":[{"embeddable":true,"href":"https:\/\/www.tucomarca.com\/wordpress\/segunda\/ca\/wp-json\/wp\/v2\/comments?post=89189"}],"version-history":[{"count":0,"href":"https:\/\/www.tucomarca.com\/wordpress\/segunda\/ca\/wp-json\/wp\/v2\/posts\/89189\/revisions"}],"wp:featuredmedia":[{"embeddable":true,"href":"https:\/\/www.tucomarca.com\/wordpress\/segunda\/ca\/wp-json\/wp\/v2\/media\/89187"}],"wp:attachment":[{"href":"https:\/\/www.tucomarca.com\/wordpress\/segunda\/ca\/wp-json\/wp\/v2\/media?parent=89189"}],"wp:term":[{"taxonomy":"category","embeddable":true,"href":"https:\/\/www.tucomarca.com\/wordpress\/segunda\/ca\/wp-json\/wp\/v2\/categories?post=89189"},{"taxonomy":"post_tag","embeddable":true,"href":"https:\/\/www.tucomarca.com\/wordpress\/segunda\/ca\/wp-json\/wp\/v2\/tags?post=89189"}],"curies":[{"name":"wp","href":"https:\/\/api.w.org\/{rel}","templated":true}]}}