{"id":89196,"date":"2019-07-18T01:31:09","date_gmt":"2019-07-17T23:31:09","guid":{"rendered":"http:\/\/www.tucomarca.com\/wordpress\/segunda\/?p=89196"},"modified":"2019-07-18T01:31:09","modified_gmt":"2019-07-17T23:31:09","slug":"comencen-les-obres-de-reurbanitzacio-del-carrer-bonaire-a-xest","status":"publish","type":"post","link":"https:\/\/www.tucomarca.com\/wordpress\/segunda\/ca\/comencen-les-obres-de-reurbanitzacio-del-carrer-bonaire-a-xest\/","title":{"rendered":"Comencen les obres de reurbanitzaci\u00f3 del carrer Bonaire a Xest"},"content":{"rendered":"<figure id=\"attachment_89193\" aria-describedby=\"caption-attachment-89193\" style=\"width: 584px\" class=\"wp-caption alignnone\"><img loading=\"lazy\" decoding=\"async\" class=\" wp-image-89193\" src=\"http:\/\/www.tucomarca.com\/wordpress\/segunda\/wp-content\/uploads\/2019\/07\/CalleBonaire.jpg\" alt=\"Esta semana han comenzado las obras de reurbanizac\u00f3n integral de la calle Bonaire\" width=\"584\" height=\"438\" srcset=\"https:\/\/www.tucomarca.com\/wordpress\/segunda\/wp-content\/uploads\/2019\/07\/CalleBonaire.jpg 2016w, https:\/\/www.tucomarca.com\/wordpress\/segunda\/wp-content\/uploads\/2019\/07\/CalleBonaire-300x225.jpg 300w, https:\/\/www.tucomarca.com\/wordpress\/segunda\/wp-content\/uploads\/2019\/07\/CalleBonaire-768x576.jpg 768w, https:\/\/www.tucomarca.com\/wordpress\/segunda\/wp-content\/uploads\/2019\/07\/CalleBonaire-1024x768.jpg 1024w\" sizes=\"auto, (max-width: 584px) 100vw, 584px\" \/><figcaption id=\"caption-attachment-89193\" class=\"wp-caption-text\">Aquesta setmana han comen\u00e7at les obres de reurbanizac\u00f3n integral del carrer Bonaire<\/figcaption><\/figure>\n<p>Aquesta setmana han comen\u00e7at les obres de reurbanizac\u00f3n integral del carrer Bonaire, que contemplen una nova pavimentaci\u00f3 i l&#8217;adequaci\u00f3 dels conductes de la xarxa del subministrament d&#8217;aigua potable i de clavegueram, aix\u00ed com de la xarxa d&#8217;enllumenat p\u00fablic.<\/p>\n<p>L&#8217;Ajuntament invertir\u00e0 88.209 euros (IVA incl\u00f2s), provinents d&#8217;una subvenci\u00f3 de Diputaci\u00f3 de Val\u00e8ncia, en la reurbanitzaci\u00f3 completa d&#8217;aquesta via, amb un termini d&#8217;execuci\u00f3 previst d&#8217;aproximadament tres mesos.<\/p>\n<p>&#8220;Igual que els carrers de la mateixa zona, Manuel de Falla, La Verge, Doctor Zamenhof, Campillo i Perales, aquest carrer comptar\u00e0 amb voreres m\u00e9s amples, que faciliten la mobilitat de vianants; amb el mateix tipus de pavimentaci\u00f3 i il\u00b7luminaci\u00f3 que els carrers adjacents i amb un sistema de sanejament renovat &#8220;, explica el regidor de Serveis, Jos\u00e9 Vicente Guijarro.<\/p>\n<p>&#8220;Continuem amb el proc\u00e9s de millora cont\u00ednua del poble, mantenint un disseny homogeni a la zona&#8221;, ha afegit l&#8217;alcalde, Jos\u00e9 Morell. &#8220;El deteriorament general del carrer Bonaire feia necess\u00e0ria aquesta intervenci\u00f3, que se suma a la que s&#8217;est\u00e0 duent a terme simult\u00e0niament en una de les vies paral\u00b7leles, el carrer Perales&#8221;.<\/p>\n","protected":false},"excerpt":{"rendered":"<div class=\"mh-excerpt\">Aquesta setmana han comen\u00e7at les obres de reurbanizac\u00f3n integral del carrer Bonaire, que contemplen una nova pavimentaci\u00f3 i l&#8217;adequaci\u00f3 dels conductes de la xarxa del subministrament d&#8217;aigua potable i de clavegueram, aix\u00ed com de la <a class=\"mh-excerpt-more\" href=\"https:\/\/www.tucomarca.com\/wordpress\/segunda\/ca\/comencen-les-obres-de-reurbanitzacio-del-carrer-bonaire-a-xest\/\" title=\"Comencen les obres de reurbanitzaci\u00f3 del carrer Bonaire a Xest\">[+] <\/a><\/div>\n","protected":false},"author":1,"featured_media":89194,"comment_status":"open","ping_status":"open","sticky":false,"template":"","format":"standard","meta":{"footnotes":""},"categories":[10898,10894,10904,10912,10896,10974],"tags":[11109],"class_list":{"0":"post-89196","1":"post","2":"type-post","3":"status-publish","4":"format-standard","5":"has-post-thumbnail","7":"category-ventana-ca","8":"category-la-comarca-ca","9":"category-sin-categorizar-ca","10":"category-la-hoya-ca","11":"category-seccion-ca","12":"category-cheste-ca","13":"tag-xest"},"_links":{"self":[{"href":"https:\/\/www.tucomarca.com\/wordpress\/segunda\/ca\/wp-json\/wp\/v2\/posts\/89196","targetHints":{"allow":["GET"]}}],"collection":[{"href":"https:\/\/www.tucomarca.com\/wordpress\/segunda\/ca\/wp-json\/wp\/v2\/posts"}],"about":[{"href":"https:\/\/www.tucomarca.com\/wordpress\/segunda\/ca\/wp-json\/wp\/v2\/types\/post"}],"author":[{"embeddable":true,"href":"https:\/\/www.tucomarca.com\/wordpress\/segunda\/ca\/wp-json\/wp\/v2\/users\/1"}],"replies":[{"embeddable":true,"href":"https:\/\/www.tucomarca.com\/wordpress\/segunda\/ca\/wp-json\/wp\/v2\/comments?post=89196"}],"version-history":[{"count":0,"href":"https:\/\/www.tucomarca.com\/wordpress\/segunda\/ca\/wp-json\/wp\/v2\/posts\/89196\/revisions"}],"wp:featuredmedia":[{"embeddable":true,"href":"https:\/\/www.tucomarca.com\/wordpress\/segunda\/ca\/wp-json\/wp\/v2\/media\/89194"}],"wp:attachment":[{"href":"https:\/\/www.tucomarca.com\/wordpress\/segunda\/ca\/wp-json\/wp\/v2\/media?parent=89196"}],"wp:term":[{"taxonomy":"category","embeddable":true,"href":"https:\/\/www.tucomarca.com\/wordpress\/segunda\/ca\/wp-json\/wp\/v2\/categories?post=89196"},{"taxonomy":"post_tag","embeddable":true,"href":"https:\/\/www.tucomarca.com\/wordpress\/segunda\/ca\/wp-json\/wp\/v2\/tags?post=89196"}],"curies":[{"name":"wp","href":"https:\/\/api.w.org\/{rel}","templated":true}]}}