{"id":89198,"date":"2019-07-18T08:32:12","date_gmt":"2019-07-18T06:32:12","guid":{"rendered":"http:\/\/www.tucomarca.com\/wordpress\/segunda\/?p=89198"},"modified":"2019-07-18T08:32:12","modified_gmt":"2019-07-18T06:32:12","slug":"el-bosc-i-lactor-imanol-arias-presenten-la-primera-urbanitzacio-cardioprotegida-de-la-comunitat","status":"publish","type":"post","link":"https:\/\/www.tucomarca.com\/wordpress\/segunda\/ca\/el-bosc-i-lactor-imanol-arias-presenten-la-primera-urbanitzacio-cardioprotegida-de-la-comunitat\/","title":{"rendered":"El Bosc i l&#8217;actor Imanol Arias presenten la primera urbanitzaci\u00f3 cardioprotegida de la Comunitat"},"content":{"rendered":"<figure id=\"attachment_89199\" aria-describedby=\"caption-attachment-89199\" style=\"width: 640px\" class=\"wp-caption alignnone\"><img loading=\"lazy\" decoding=\"async\" class=\"size-full wp-image-89199\" src=\"http:\/\/www.tucomarca.com\/wordpress\/segunda\/wp-content\/uploads\/2019\/07\/proyecto-cardiosaludable.jpeg\" alt=\"Imanol Arias acudi\u00f3 al evento como padrino de la ONG AIZAN, encargada de la formaci\u00f3n homologada necesaria para el uso de los desfibriladores autom\u00e1ticos\" width=\"640\" height=\"427\" srcset=\"https:\/\/www.tucomarca.com\/wordpress\/segunda\/wp-content\/uploads\/2019\/07\/proyecto-cardiosaludable.jpeg 640w, https:\/\/www.tucomarca.com\/wordpress\/segunda\/wp-content\/uploads\/2019\/07\/proyecto-cardiosaludable-300x200.jpeg 300w\" sizes=\"auto, (max-width: 640px) 100vw, 640px\" \/><figcaption id=\"caption-attachment-89199\" class=\"wp-caption-text\">Imanol Arias va acudir a l&#8217;esdeveniment com a padr\u00ed de l&#8217;ONG AIZAN, encarregada de la formaci\u00f3 homologada necess\u00e0ria per a l&#8217;\u00fas dels desfibril\u00b7ladors autom\u00e0tics<\/figcaption><\/figure>\n<p>La Ciutat Residencial El Bosc i l&#8217;actor Imanol Arias van presentar el projecte &#8220;La Urbanitzaci\u00f3 El Bosc t\u00e9 cura del teu cor&#8221;, un projecte pel qual s&#8217;ha convertit en la primera urbanitzaci\u00f3 cardioprotegida de la Comunitat Valenciana, en ubicar 8 desfibril\u00b7ladors amb l&#8217;objectiu de donar servei als ve\u00efns de la urbanitzaci\u00f3 i voltants, en el cas que es produeixi una emerg\u00e8ncia cardiovascular.<\/p>\n<p>A l&#8217;acte van assistir autoritats locals dels municipis entre els quals es troba ubicada la Ciutat Residencial, aix\u00ed com representants de clubs esportius, de l&#8217;Institut Valenci\u00e0 del Cor, de la Societat Valenciana de Medicina Intensiva i ve\u00efns de la urbanitzaci\u00f3.<\/p>\n<p>Durant la presentaci\u00f3 del projecte, el president de la Ciutat Residencial El Bosc, el Dr. Juan Ca\u00f1izares, va detallar la ubicaci\u00f3 dels desfibril\u00b7ladors autom\u00e0tics, distribu\u00efts en columnes fixes degudament senyalitzades i en les unitats m\u00f2bils de seguretat de la urbanitzaci\u00f3, tenint en compte la dispersi\u00f3 geogr\u00e0fica de la poblaci\u00f3, els temps d&#8217;acc\u00e9s a cada un dels desfibril\u00b7ladors i la poblaci\u00f3 de risc de la ciutat residencial.<\/p>\n<p>&#8220;Amb aquest projecte tractem de garantir la seguretat i millorar la qualitat de vida dels ve\u00efns del Bosc i d&#8217;urbanitzacions confrontants. El nostre major \u00e8xit seria no haver d&#8217;utilitzar mai un d&#8217;aquests desfibril\u00b7ladors o en el cas d&#8217;haver de utilitzar-los alguna vegada, aconseguir salvar una vida. Amb aix\u00f2, el projecte ja hauria valgut la pena &#8220;, va destacar el president del Bosc.<\/p>\n<p>Per la seva banda, l&#8217;actor Imanol Arias va acudir a l&#8217;esdeveniment com a padr\u00ed de l&#8217;ONG AIZAN, encarregada de la formaci\u00f3 homologada necess\u00e0ria per a l&#8217;\u00fas dels desfibril\u00b7ladors autom\u00e0tics, tant per part del personal que treballa en la urbanitzaci\u00f3 com dels ve\u00efns.<\/p>\n<p>En aquest sentit, Imanol Arias va mostrar el seu reconeixement a les persones que han posat en marxa aquest projecte, va posar de manifest la import\u00e0ncia de la formaci\u00f3 per sentir-se amb la capacitat de poder salvar una vida i va destacar la feina de la sanitat p\u00fablica valenciana en la lluita contra la mort sobtada.<\/p>\n<p>L&#8217;ONG AIZAN neix amb l&#8217;objectiu de formar i conscienciar la poblaci\u00f3 sobre la import\u00e0ncia de saber realitzar una maniobra de reanimaci\u00f3 cardiopulmonar (RCP).<\/p>\n<p>Per a aix\u00f2, est\u00e0 realitzant xerrades, tallers i cursos te\u00f2ric pr\u00e0ctics, gratu\u00efts i homologats, dirigits al personal de les instal\u00b7lacions de la urbanitzaci\u00f3 El Bosc aix\u00ed com als ve\u00efns, inclosos nens a partir de 5 anys, amb la finalitat de formar a la poblaci\u00f3 sobre com detectar una parada card\u00edaca, activar els serveis d&#8217;emerg\u00e8ncia, iniciar compressions tor\u00e0ciques de forma preco\u00e7 i efectiva, aix\u00ed com aprendre el funcionament dels DEA.<\/p>\n<p>Per la seva banda, Claudia Naldi, presidenta de l&#8217;ONG AIZAN, va destacar el comprom\u00eds de la Junta Directiva de la Urbanitzaci\u00f3 amb els ve\u00efns del Bosc i la solidaritat d&#8217;aquests amb les urbanitzacions properes, en posar a la seva disposici\u00f3 els elements i la formaci\u00f3 necess\u00e0ria per a la realitzaci\u00f3 d&#8217;una maniobra de realitzaci\u00f3 cardiopulmonar i convertir aix\u00ed la zona en cardio protegit<\/p>\n<p>Segons les estimacions, a Espanya, cada 3 hores i 40 minuts, mor una persona ennuegada i cada any, m\u00e9s de 30.000 persones moren per una aturada card\u00edaca. Les probabilitats de sobreviure a una aturada card\u00edaca extrahospital\u00e0ria oscil\u00b7len entre el 5 i el 10 per cent, de manera que una atenci\u00f3 primerenca i efica\u00e7 \u00e9s fonamental per augmentar la taxa de superviv\u00e8ncia.<\/p>\n<p><strong>Ciutat Residencial El Bosc<\/strong><\/p>\n<p>La Urbanitzaci\u00f3 El Bosc est\u00e0 situada a la conflu\u00e8ncia dels termes municipals de Chiva, Godelleta i Torrent, encara que la major part de la seva superf\u00edcie s&#8217;enclava en el terme municipal de Chiva.<\/p>\n<p>A la Ciutat Residencial viuen ass\u00edduament m\u00e9s de quatre mil persones de diferents nacionalitats i ocupa una extensi\u00f3 de 1.847.493 metres quadrats, entre els quals troben ubicades diferents instal\u00b7lacions esportives, dins d&#8217;un entorn de vegetaci\u00f3 on es fusionen convenientment habitatges, respectant l&#8217;entorn natural i el medi ambient.<\/p>\n","protected":false},"excerpt":{"rendered":"<div class=\"mh-excerpt\">La Ciutat Residencial El Bosc i l&#8217;actor Imanol Arias van presentar el projecte &#8220;La Urbanitzaci\u00f3 El Bosc t\u00e9 cura del teu cor&#8221;, un projecte pel qual s&#8217;ha convertit en la primera urbanitzaci\u00f3 cardioprotegida de la <a class=\"mh-excerpt-more\" href=\"https:\/\/www.tucomarca.com\/wordpress\/segunda\/ca\/el-bosc-i-lactor-imanol-arias-presenten-la-primera-urbanitzacio-cardioprotegida-de-la-comunitat\/\" title=\"El Bosc i l&#8217;actor Imanol Arias presenten la primera urbanitzaci\u00f3 cardioprotegida de la Comunitat\">[+] <\/a><\/div>\n","protected":false},"author":1,"featured_media":89199,"comment_status":"open","ping_status":"open","sticky":false,"template":"","format":"standard","meta":{"footnotes":""},"categories":[11010,10894,10904,10912,10896,10975],"tags":[11108,11129],"class_list":{"0":"post-89198","1":"post","2":"type-post","3":"status-publish","4":"format-standard","5":"has-post-thumbnail","7":"category-canal-salud","8":"category-la-comarca-ca","9":"category-sin-categorizar-ca","10":"category-la-hoya-ca","11":"category-seccion-ca","12":"category-chiva-ca","13":"tag-la-foia-de-bunyol-xiva","14":"tag-xiva"},"_links":{"self":[{"href":"https:\/\/www.tucomarca.com\/wordpress\/segunda\/ca\/wp-json\/wp\/v2\/posts\/89198","targetHints":{"allow":["GET"]}}],"collection":[{"href":"https:\/\/www.tucomarca.com\/wordpress\/segunda\/ca\/wp-json\/wp\/v2\/posts"}],"about":[{"href":"https:\/\/www.tucomarca.com\/wordpress\/segunda\/ca\/wp-json\/wp\/v2\/types\/post"}],"author":[{"embeddable":true,"href":"https:\/\/www.tucomarca.com\/wordpress\/segunda\/ca\/wp-json\/wp\/v2\/users\/1"}],"replies":[{"embeddable":true,"href":"https:\/\/www.tucomarca.com\/wordpress\/segunda\/ca\/wp-json\/wp\/v2\/comments?post=89198"}],"version-history":[{"count":0,"href":"https:\/\/www.tucomarca.com\/wordpress\/segunda\/ca\/wp-json\/wp\/v2\/posts\/89198\/revisions"}],"wp:featuredmedia":[{"embeddable":true,"href":"https:\/\/www.tucomarca.com\/wordpress\/segunda\/ca\/wp-json\/wp\/v2\/media\/89199"}],"wp:attachment":[{"href":"https:\/\/www.tucomarca.com\/wordpress\/segunda\/ca\/wp-json\/wp\/v2\/media?parent=89198"}],"wp:term":[{"taxonomy":"category","embeddable":true,"href":"https:\/\/www.tucomarca.com\/wordpress\/segunda\/ca\/wp-json\/wp\/v2\/categories?post=89198"},{"taxonomy":"post_tag","embeddable":true,"href":"https:\/\/www.tucomarca.com\/wordpress\/segunda\/ca\/wp-json\/wp\/v2\/tags?post=89198"}],"curies":[{"name":"wp","href":"https:\/\/api.w.org\/{rel}","templated":true}]}}