{"id":89222,"date":"2019-07-19T22:28:11","date_gmt":"2019-07-19T20:28:11","guid":{"rendered":"http:\/\/www.tucomarca.com\/wordpress\/segunda\/?p=89222"},"modified":"2019-07-19T22:28:11","modified_gmt":"2019-07-19T20:28:11","slug":"aforament-complet-a-les-sessions-de-cinema-destiu-a-xest","status":"publish","type":"post","link":"https:\/\/www.tucomarca.com\/wordpress\/segunda\/ca\/aforament-complet-a-les-sessions-de-cinema-destiu-a-xest\/","title":{"rendered":"Aforament complet a les sessions de cinema d&#8217;estiu a Xest"},"content":{"rendered":"<figure id=\"attachment_89219\" aria-describedby=\"caption-attachment-89219\" style=\"width: 409px\" class=\"wp-caption alignleft\"><img loading=\"lazy\" decoding=\"async\" class=\" wp-image-89219\" src=\"http:\/\/www.tucomarca.com\/wordpress\/segunda\/wp-content\/uploads\/2019\/07\/Primer-d\u00eda-cine-de-verano.jpg\" alt=\"Durante esta semana las sesiones de cine a la fresca han sido las protagonistas de las noches de verano en Cheste\" width=\"409\" height=\"307\" srcset=\"https:\/\/www.tucomarca.com\/wordpress\/segunda\/wp-content\/uploads\/2019\/07\/Primer-d\u00eda-cine-de-verano.jpg 1600w, https:\/\/www.tucomarca.com\/wordpress\/segunda\/wp-content\/uploads\/2019\/07\/Primer-d\u00eda-cine-de-verano-300x225.jpg 300w, https:\/\/www.tucomarca.com\/wordpress\/segunda\/wp-content\/uploads\/2019\/07\/Primer-d\u00eda-cine-de-verano-768x576.jpg 768w, https:\/\/www.tucomarca.com\/wordpress\/segunda\/wp-content\/uploads\/2019\/07\/Primer-d\u00eda-cine-de-verano-1024x768.jpg 1024w\" sizes=\"auto, (max-width: 409px) 100vw, 409px\" \/><figcaption id=\"caption-attachment-89219\" class=\"wp-caption-text\">Durant aquesta setmana les sessions de cinema a la fresca han estat les protagonistes de les nits d&#8217;estiu a Xest<\/figcaption><\/figure>\n<p>Durant aquesta setmana les sessions de cinema a la fresca han estat les protagonistes de les nits d&#8217;estiu a Xest, amb tres projeccions gratu\u00eftes a la pla\u00e7a de la II Rep\u00fablica.<\/p>\n<p>Dimarts passat s&#8217;iniciava el cicle amb la pel\u00b7l\u00edcula El nen que va poder ser rei, en la qual la participaci\u00f3 va ser tot un \u00e8xit amb l&#8217;aforament de la pla\u00e7a al complet. El recinte va continuar omplint-se el dimecres amb la projecci\u00f3 de Ralph trenca internet i ahir, dijous 18 de juliol, amb Fam\u00edlia a l&#8217;instant.<\/p>\n<p>&#8220;Un any m\u00e9s vull agrair l&#8217;acceptaci\u00f3 dels chestanos i chestanas cap a aquest cicle de cinema d&#8217;estiu, ja que la participaci\u00f3 ha estat molt alta&#8221;, destaca la regidora de Cultura, M\u00aa \u00c1ngeles Llorente. &#8220;Des de la regidoria de Cultura hem seleccionat pel\u00b7l\u00edcules de qualitat i per a tota la fam\u00edlia amb l&#8217;objectiu d&#8217;entretenir tant a petits com a grans durant aquestes c\u00e0lides nits d&#8217;estiu. El cinema a la fresca \u00e9s una activitat amb molt arrelament en tota la Comunitat Valenciana i creiem que \u00e9s una contribuci\u00f3 important de l&#8217;\u00e0rea cultural a les festes de juliol, que se celebren aquests dies &#8220;.<\/p>\n","protected":false},"excerpt":{"rendered":"<div class=\"mh-excerpt\">Durant aquesta setmana les sessions de cinema a la fresca han estat les protagonistes de les nits d&#8217;estiu a Xest, amb tres projeccions gratu\u00eftes a la pla\u00e7a de la II Rep\u00fablica. Dimarts passat s&#8217;iniciava el <a class=\"mh-excerpt-more\" href=\"https:\/\/www.tucomarca.com\/wordpress\/segunda\/ca\/aforament-complet-a-les-sessions-de-cinema-destiu-a-xest\/\" title=\"Aforament complet a les sessions de cinema d&#8217;estiu a Xest\">[+] <\/a><\/div>\n","protected":false},"author":1,"featured_media":89220,"comment_status":"open","ping_status":"open","sticky":false,"template":"","format":"standard","meta":{"footnotes":""},"categories":[10904,10912,11004,11008,10896,10974],"tags":[11109],"class_list":{"0":"post-89222","1":"post","2":"type-post","3":"status-publish","4":"format-standard","5":"has-post-thumbnail","7":"category-sin-categorizar-ca","8":"category-la-hoya-ca","9":"category-la-semana-en-imagenes-ca","10":"category-pueblos-en-fiestas-ca","11":"category-seccion-ca","12":"category-cheste-ca","13":"tag-xest"},"_links":{"self":[{"href":"https:\/\/www.tucomarca.com\/wordpress\/segunda\/ca\/wp-json\/wp\/v2\/posts\/89222","targetHints":{"allow":["GET"]}}],"collection":[{"href":"https:\/\/www.tucomarca.com\/wordpress\/segunda\/ca\/wp-json\/wp\/v2\/posts"}],"about":[{"href":"https:\/\/www.tucomarca.com\/wordpress\/segunda\/ca\/wp-json\/wp\/v2\/types\/post"}],"author":[{"embeddable":true,"href":"https:\/\/www.tucomarca.com\/wordpress\/segunda\/ca\/wp-json\/wp\/v2\/users\/1"}],"replies":[{"embeddable":true,"href":"https:\/\/www.tucomarca.com\/wordpress\/segunda\/ca\/wp-json\/wp\/v2\/comments?post=89222"}],"version-history":[{"count":0,"href":"https:\/\/www.tucomarca.com\/wordpress\/segunda\/ca\/wp-json\/wp\/v2\/posts\/89222\/revisions"}],"wp:featuredmedia":[{"embeddable":true,"href":"https:\/\/www.tucomarca.com\/wordpress\/segunda\/ca\/wp-json\/wp\/v2\/media\/89220"}],"wp:attachment":[{"href":"https:\/\/www.tucomarca.com\/wordpress\/segunda\/ca\/wp-json\/wp\/v2\/media?parent=89222"}],"wp:term":[{"taxonomy":"category","embeddable":true,"href":"https:\/\/www.tucomarca.com\/wordpress\/segunda\/ca\/wp-json\/wp\/v2\/categories?post=89222"},{"taxonomy":"post_tag","embeddable":true,"href":"https:\/\/www.tucomarca.com\/wordpress\/segunda\/ca\/wp-json\/wp\/v2\/tags?post=89222"}],"curies":[{"name":"wp","href":"https:\/\/api.w.org\/{rel}","templated":true}]}}