{"id":89250,"date":"2019-07-19T22:31:20","date_gmt":"2019-07-19T20:31:20","guid":{"rendered":"http:\/\/www.tucomarca.com\/wordpress\/segunda\/?p=89250"},"modified":"2019-07-19T22:31:20","modified_gmt":"2019-07-19T20:31:20","slug":"soro-iii-encen-la-metxa-dels-48-jocs-esportius-vila-de-leliana","status":"publish","type":"post","link":"https:\/\/www.tucomarca.com\/wordpress\/segunda\/ca\/soro-iii-encen-la-metxa-dels-48-jocs-esportius-vila-de-leliana\/","title":{"rendered":"Soro III enc\u00e9n la metxa dels 48 Jocs Esportius Vila de l&#8217;Eliana"},"content":{"rendered":"<p>Una nova edici\u00f3 dels Jocs Esportius Vila de l&#8217;Eliana comen\u00e7ar el seu cam\u00ed amb la tradicional encesa del peveter, a c\u00e0rrec del pilotari Soro III, qui va estar acompanyat per una representaci\u00f3 d&#8217;alumnes de l&#8217;Escola Esportiva Municipal de Pilota Valenciana. L&#8217;esportista de Massamagrell, sis vegades campi\u00f3 individual del circuit de Pilota Valenciana d&#8217;Escala i Corda, va lloar la feina feta pel consistori elianero en mat\u00e8ria esportiva i, especialment, va recordar &#8220;la gran afici\u00f3 que hi ha a l&#8217;Eliana per la Pilota i els grans esportistes que el municipi ha donat al nostre esport &#8220;.<\/p>\n<p>L&#8217;acte inaugural va comptar amb la pres\u00e8ncia de representants de la Corporaci\u00f3 Municipal, la regidora de pol\u00edtica esportiva Concha Montaner i l&#8217;alcalde l&#8217;Eliana Salva Torrent, que va destacar que &#8220;el Poliesportiu Municipal de l&#8217;Eliana es converteix en el cor del nostre poble durant aquests quinze dies, on l&#8217;esport \u00e9s el protagonista. Un any m\u00e9s celebrem que la nostra quinzena esportiva \u00e9s la m\u00e9s longeva i la m\u00e9s popular de tota la prov\u00edncia de Val\u00e8ncia &#8220;.<\/p>\n<p>Abans dels parlaments, els assistents van gaudir d&#8217;un espectacle d&#8217;equilibris i acrob\u00e0cies de s\u00f2l i a\u00e8ries, en qu\u00e8 van participar les gimnastes Jana L\u00f3pez, Rocio Barba i la elianera Raquel Carpio, coneguda per ser l&#8217;\u00fanica representant espanyola en el Campionat del M\u00f3n de roda alemanya.<\/p>\n<p>En aquesta Quaranta-vuitena edici\u00f3, al costat de les m\u00e9s de 10 modalitats de competici\u00f3, els ve\u00efns i ve\u00efnes de l&#8217;Eliana podran participar en les masterclass de pilates i zumba fusi\u00f3, que se celebraran al Poliesportiu Municipal el dimarts 23 i divendres 26 a partir de les 20:00 hores, respectivament, i d&#8217;aquagym, que tindr\u00e0 lloc el dimarts 30 a les 19:30 hores a la Piscina Municipal. Per als m\u00e9s petits, el dimecres 24 se celebrar\u00e0 la Miniolimpiada d&#8217;Atletisme.<\/p>\n<p>Durant aquesta quinzena tamb\u00e9 hi haur\u00e0 lloc per a les exhibicions, com la partida de pilota valenciana femenina, de divendres 19, a partir de les 20:00 hores, al trinquet o la de dimarts 23 a la pista de v\u00f2lei platja, a c\u00e0rrec dels germans Monfort.<\/p>\n<p>Finalment i dins el marc d&#8217;aquests Jocs Esportius, el dissabte 27 tindr\u00e0 lloc la 10K l&#8217;Eliana, organitzada pel Club d&#8217;Atletisme l&#8217;Eliana Running i que forma part, per quart any consecutiu, del Circuit de Carreres Populars de la Diputaci\u00f3 .<\/p>\n<p><img loading=\"lazy\" decoding=\"async\" class=\"alignnone size-full wp-image-89241\" src=\"http:\/\/www.tucomarca.com\/wordpress\/segunda\/wp-content\/uploads\/2019\/07\/Eliana3.jpg\" alt=\"\" width=\"3095\" height=\"2278\" srcset=\"https:\/\/www.tucomarca.com\/wordpress\/segunda\/wp-content\/uploads\/2019\/07\/Eliana3.jpg 3095w, https:\/\/www.tucomarca.com\/wordpress\/segunda\/wp-content\/uploads\/2019\/07\/Eliana3-300x221.jpg 300w, https:\/\/www.tucomarca.com\/wordpress\/segunda\/wp-content\/uploads\/2019\/07\/Eliana3-768x565.jpg 768w, https:\/\/www.tucomarca.com\/wordpress\/segunda\/wp-content\/uploads\/2019\/07\/Eliana3-1024x754.jpg 1024w\" sizes=\"auto, (max-width: 3095px) 100vw, 3095px\" \/><\/p>\n<p><img loading=\"lazy\" decoding=\"async\" class=\"size-full wp-image-89243\" src=\"http:\/\/www.tucomarca.com\/wordpress\/segunda\/wp-content\/uploads\/2019\/07\/Eliana4.jpg\" alt=\"El alcalde de l\u2019Eliana, Salva Torrent, anim\u00f3 a todos los asistentes a participar en la competici\u00f3n deportiva decana de la provincia de Valencia \u201ccon m\u00e1s tradici\u00f3n y adeptos en todo el territorio\u201d\" width=\"4032\" height=\"3024\" srcset=\"https:\/\/www.tucomarca.com\/wordpress\/segunda\/wp-content\/uploads\/2019\/07\/Eliana4.jpg 4032w, https:\/\/www.tucomarca.com\/wordpress\/segunda\/wp-content\/uploads\/2019\/07\/Eliana4-300x225.jpg 300w, https:\/\/www.tucomarca.com\/wordpress\/segunda\/wp-content\/uploads\/2019\/07\/Eliana4-768x576.jpg 768w, https:\/\/www.tucomarca.com\/wordpress\/segunda\/wp-content\/uploads\/2019\/07\/Eliana4-1024x768.jpg 1024w\" sizes=\"auto, (max-width: 4032px) 100vw, 4032px\" \/><\/p>\n<p><span class=\"Apple-converted-space\"><img loading=\"lazy\" decoding=\"async\" class=\"alignnone size-full wp-image-89245\" src=\"http:\/\/www.tucomarca.com\/wordpress\/segunda\/wp-content\/uploads\/2019\/07\/Eliana2.jpg\" alt=\"\" width=\"3642\" height=\"1664\" srcset=\"https:\/\/www.tucomarca.com\/wordpress\/segunda\/wp-content\/uploads\/2019\/07\/Eliana2.jpg 3642w, https:\/\/www.tucomarca.com\/wordpress\/segunda\/wp-content\/uploads\/2019\/07\/Eliana2-300x137.jpg 300w, https:\/\/www.tucomarca.com\/wordpress\/segunda\/wp-content\/uploads\/2019\/07\/Eliana2-768x351.jpg 768w, https:\/\/www.tucomarca.com\/wordpress\/segunda\/wp-content\/uploads\/2019\/07\/Eliana2-1024x468.jpg 1024w\" sizes=\"auto, (max-width: 3642px) 100vw, 3642px\" \/> <img loading=\"lazy\" decoding=\"async\" class=\"alignnone size-full wp-image-89247\" src=\"http:\/\/www.tucomarca.com\/wordpress\/segunda\/wp-content\/uploads\/2019\/07\/Eliana1.jpg\" alt=\"\" width=\"4032\" height=\"3024\" srcset=\"https:\/\/www.tucomarca.com\/wordpress\/segunda\/wp-content\/uploads\/2019\/07\/Eliana1.jpg 4032w, https:\/\/www.tucomarca.com\/wordpress\/segunda\/wp-content\/uploads\/2019\/07\/Eliana1-300x225.jpg 300w, https:\/\/www.tucomarca.com\/wordpress\/segunda\/wp-content\/uploads\/2019\/07\/Eliana1-768x576.jpg 768w, https:\/\/www.tucomarca.com\/wordpress\/segunda\/wp-content\/uploads\/2019\/07\/Eliana1-1024x768.jpg 1024w\" sizes=\"auto, (max-width: 4032px) 100vw, 4032px\" \/><\/span><\/p>\n","protected":false},"excerpt":{"rendered":"<div class=\"mh-excerpt\">Una nova edici\u00f3 dels Jocs Esportius Vila de l&#8217;Eliana comen\u00e7ar el seu cam\u00ed amb la tradicional encesa del peveter, a c\u00e0rrec del pilotari Soro III, qui va estar acompanyat per una representaci\u00f3 d&#8217;alumnes de l&#8217;Escola <a class=\"mh-excerpt-more\" href=\"https:\/\/www.tucomarca.com\/wordpress\/segunda\/ca\/soro-iii-encen-la-metxa-dels-48-jocs-esportius-vila-de-leliana\/\" title=\"Soro III enc\u00e9n la metxa dels 48 Jocs Esportius Vila de l&#8217;Eliana\">[+] <\/a><\/div>\n","protected":false},"author":1,"featured_media":89244,"comment_status":"open","ping_status":"open","sticky":false,"template":"","format":"standard","meta":{"footnotes":""},"categories":[10892,11003,10898,10893,11009,10896],"tags":[10899,11172],"class_list":{"0":"post-89250","1":"post","2":"type-post","3":"status-publish","4":"format-standard","5":"has-post-thumbnail","7":"category-camp-de-turia-ca","8":"category-sports","9":"category-ventana-ca","10":"category-leliana-ca","11":"category-polideportivo-ca","12":"category-seccion-ca","13":"tag-camp-de-turia-ca","14":"tag-leliana-ca-2"},"_links":{"self":[{"href":"https:\/\/www.tucomarca.com\/wordpress\/segunda\/ca\/wp-json\/wp\/v2\/posts\/89250","targetHints":{"allow":["GET"]}}],"collection":[{"href":"https:\/\/www.tucomarca.com\/wordpress\/segunda\/ca\/wp-json\/wp\/v2\/posts"}],"about":[{"href":"https:\/\/www.tucomarca.com\/wordpress\/segunda\/ca\/wp-json\/wp\/v2\/types\/post"}],"author":[{"embeddable":true,"href":"https:\/\/www.tucomarca.com\/wordpress\/segunda\/ca\/wp-json\/wp\/v2\/users\/1"}],"replies":[{"embeddable":true,"href":"https:\/\/www.tucomarca.com\/wordpress\/segunda\/ca\/wp-json\/wp\/v2\/comments?post=89250"}],"version-history":[{"count":0,"href":"https:\/\/www.tucomarca.com\/wordpress\/segunda\/ca\/wp-json\/wp\/v2\/posts\/89250\/revisions"}],"wp:featuredmedia":[{"embeddable":true,"href":"https:\/\/www.tucomarca.com\/wordpress\/segunda\/ca\/wp-json\/wp\/v2\/media\/89244"}],"wp:attachment":[{"href":"https:\/\/www.tucomarca.com\/wordpress\/segunda\/ca\/wp-json\/wp\/v2\/media?parent=89250"}],"wp:term":[{"taxonomy":"category","embeddable":true,"href":"https:\/\/www.tucomarca.com\/wordpress\/segunda\/ca\/wp-json\/wp\/v2\/categories?post=89250"},{"taxonomy":"post_tag","embeddable":true,"href":"https:\/\/www.tucomarca.com\/wordpress\/segunda\/ca\/wp-json\/wp\/v2\/tags?post=89250"}],"curies":[{"name":"wp","href":"https:\/\/api.w.org\/{rel}","templated":true}]}}