{"id":89494,"date":"2019-07-23T23:08:20","date_gmt":"2019-07-23T21:08:20","guid":{"rendered":"http:\/\/www.tucomarca.com\/wordpress\/segunda\/?p=89494"},"modified":"2019-07-23T23:08:20","modified_gmt":"2019-07-23T21:08:20","slug":"riba-roja-desestima-les-al%c2%b7legacions-duna-empresa-a-la-qual-reclama-180-000-euros-per-un-pai-sense-acabar-lany-2004","status":"publish","type":"post","link":"https:\/\/www.tucomarca.com\/wordpress\/segunda\/ca\/riba-roja-desestima-les-al%c2%b7legacions-duna-empresa-a-la-qual-reclama-180-000-euros-per-un-pai-sense-acabar-lany-2004\/","title":{"rendered":"Riba-roja desestima les al\u00b7legacions d&#8217;una empresa a la qual reclama 180.000 euros per un PAI sense acabar l&#8217;any 2004"},"content":{"rendered":"<figure id=\"attachment_89491\" aria-describedby=\"caption-attachment-89491\" style=\"width: 462px\" class=\"wp-caption alignleft\"><img loading=\"lazy\" decoding=\"async\" class=\" wp-image-89491\" src=\"http:\/\/www.tucomarca.com\/wordpress\/segunda\/wp-content\/uploads\/2019\/07\/poligons1.jpg\" alt=\"El pleno solicita al Consell Jur\u00eddic Consultiu un informe sobre el proyecto\" width=\"462\" height=\"308\" srcset=\"https:\/\/www.tucomarca.com\/wordpress\/segunda\/wp-content\/uploads\/2019\/07\/poligons1.jpg 850w, https:\/\/www.tucomarca.com\/wordpress\/segunda\/wp-content\/uploads\/2019\/07\/poligons1-300x200.jpg 300w, https:\/\/www.tucomarca.com\/wordpress\/segunda\/wp-content\/uploads\/2019\/07\/poligons1-768x512.jpg 768w\" sizes=\"auto, (max-width: 462px) 100vw, 462px\" \/><figcaption id=\"caption-attachment-89491\" class=\"wp-caption-text\">El ple demana al Consell Jur\u00eddic Consultiu un informe sobre el projecte<\/figcaption><\/figure>\n<p>El ple municipal de l&#8217;Ajuntament de Riba-roja de T\u00faria va desestimar ahir dilluns les al\u00b7legacions presentades per l&#8217;empresa que l&#8217;any 2004 va resultar adjudicat\u00e0ria d&#8217;un programa d&#8217;actuaci\u00f3 integrada (PAI) per\u00f2 que mai va arribar a desenvolupar tot i els m\u00faltiples requeriments de la administraci\u00f3 local despr\u00e9s declararrse en concurs de creditors durant el citat proc\u00e9s.<\/p>\n<p>La resoluci\u00f3 plen\u00e0ria argumentada a inst\u00e0ncies de l&#8217;actual equip de govern socialista de Riba-roja ha comptat amb el suport dels grups de l&#8217;oposici\u00f3 de Comprom\u00eds, Esquerra Unida, Riba-roja Pot i de Ciutadans mentre que el Partit Popular, sota el mandat del qual va afavorir aquest programa urban\u00edstic fallit, s&#8217;ha decidit finalment per l&#8217;abstenci\u00f3.<\/p>\n<p>El text aprovat pel ple de Riba-roja incideix, a m\u00e9s, en l&#8217;obligaci\u00f3 de l&#8217;adjudicatari Promocions Industrials Mafort d&#8217;abonar els 180.000 euros que en el seu moment no va pagar a l&#8217;ajuntament per l&#8217;aprovaci\u00f3 del document urban\u00edstic com a contraprestaci\u00f3 per causa de diverses obres i actuacions en la localitat abans que la mateixa prescrigui per la finalitzaci\u00f3 del termini legal.<\/p>\n<p>El PAI fallit ocupa una extensi\u00f3 de 121.435 metres quadrats de s\u00f2l qualificat com no urbanitzable que, despr\u00e9s del pas pel ple a c\u00e0rrec del Partit Popular, va passar a tenir la qualificaci\u00f3 d&#8217;industrial gr\u00e0cies al citat conveni bilateral entre empresa i consistori la proximitat a les principals art\u00e8ries vi\u00e0ries com la N-III i l&#8217;AP7 era un dels m\u00e9s cotitzats del terme municipal.<\/p>\n<p>L&#8217;Ajuntament de Riba-roja ha desestimat les al\u00b7legacions de l&#8217;empresa com la resoluci\u00f3 del contracte per incompliment contractual per part de l&#8217;urbanitzador, la confiscaci\u00f3 de 159.000 euros com a garantia que en el seu moment es va estimar en el contracte, la valoraci\u00f3 dels danys i perjudicis per altres 39.000 euros, principalment.<\/p>\n<p>Les obres d&#8217;urbanitzaci\u00f3 del PAI haurien d&#8217;haver estat concloses des de l&#8217;any 2017 per\u00f2 mai van cristal\u00b7litzar i des d&#8217;aquell moment s&#8217;han succe\u00eft les vicissituds, excuses i problemes de la promotora que, fet i fet, han impedit que aquest pla urban\u00edstic s&#8217;hagi porteu a terme amb absoluta normalitat. El concurs de creditors en el qual, posteriorment, l&#8217;empresa es va veure immiscu\u00efda.<\/p>\n<p>El conveni entre les dues parts obligava a l&#8217;empresa a trobar un dip\u00f2sit d&#8217;aigua per abastir a les futures empreses, a la protecci\u00f3 de l&#8217;anomenat barranc del Pozalet i a l&#8217;aprovaci\u00f3 de l&#8217;informe d&#8217;impacte ambiental sobre la zona d&#8217;afectaci\u00f3. A m\u00e9s, es requeria els informes del Ministeri de Foment, la conselleria de Cultura i la Direcci\u00f3 General d&#8217;Aviaci\u00f3 Civil.<\/p>\n<p>L&#8217;acord bilateral establia que les obres d&#8217;urbanitzaci\u00f3 i reparcel\u00b7laci\u00f3 de Riba-roja d&#8217;haver concl\u00f2s l&#8217;any 2007 i, per tant, arrosseguen un retard de gaireb\u00e9 dotze anys, de manera que l&#8217;empresa ha incomplert els preceptes del conveni que, finalment, ha desembocat en la resoluci\u00f3 del mateix despr\u00e9s de la declaraci\u00f3 del concurs de creditors de 2015.<\/p>\n<p>L&#8217;alcalde de Riba-roja de T\u00faria, Robert Raga, ha afirmat que aquesta decisi\u00f3 &#8220;s&#8217;ha adoptat per defensar principalment els interessos de tots els nostres ve\u00efns ja que en el seu moment es va prendre una decisi\u00f3 per dur a terme un programa urban\u00edstic per\u00f2 amb el temps no es va dur a temps, per aix\u00f2 han de rescabalar amb els diners que en el seu moment no van abonar a l&#8217;ajuntament &#8220;.<\/p>\n","protected":false},"excerpt":{"rendered":"<div class=\"mh-excerpt\">El ple municipal de l&#8217;Ajuntament de Riba-roja de T\u00faria va desestimar ahir dilluns les al\u00b7legacions presentades per l&#8217;empresa que l&#8217;any 2004 va resultar adjudicat\u00e0ria d&#8217;un programa d&#8217;actuaci\u00f3 integrada (PAI) per\u00f2 que mai va arribar a <a class=\"mh-excerpt-more\" href=\"https:\/\/www.tucomarca.com\/wordpress\/segunda\/ca\/riba-roja-desestima-les-al%c2%b7legacions-duna-empresa-a-la-qual-reclama-180-000-euros-per-un-pai-sense-acabar-lany-2004\/\" title=\"Riba-roja desestima les al\u00b7legacions d&#8217;una empresa a la qual reclama 180.000 euros per un PAI sense acabar l&#8217;any 2004\">[+] <\/a><\/div>\n","protected":false},"author":1,"featured_media":89492,"comment_status":"open","ping_status":"open","sticky":false,"template":"","format":"standard","meta":{"footnotes":""},"categories":[10892,10898,10894,10904,10947,10906,10896],"tags":[10899,11102],"class_list":{"0":"post-89494","1":"post","2":"type-post","3":"status-publish","4":"format-standard","5":"has-post-thumbnail","7":"category-camp-de-turia-ca","8":"category-ventana-ca","9":"category-la-comarca-ca","10":"category-sin-categorizar-ca","11":"category-politica","12":"category-riba-roja-ca","13":"category-seccion-ca","14":"tag-camp-de-turia-ca","15":"tag-riba-roja-2-ca"},"_links":{"self":[{"href":"https:\/\/www.tucomarca.com\/wordpress\/segunda\/ca\/wp-json\/wp\/v2\/posts\/89494","targetHints":{"allow":["GET"]}}],"collection":[{"href":"https:\/\/www.tucomarca.com\/wordpress\/segunda\/ca\/wp-json\/wp\/v2\/posts"}],"about":[{"href":"https:\/\/www.tucomarca.com\/wordpress\/segunda\/ca\/wp-json\/wp\/v2\/types\/post"}],"author":[{"embeddable":true,"href":"https:\/\/www.tucomarca.com\/wordpress\/segunda\/ca\/wp-json\/wp\/v2\/users\/1"}],"replies":[{"embeddable":true,"href":"https:\/\/www.tucomarca.com\/wordpress\/segunda\/ca\/wp-json\/wp\/v2\/comments?post=89494"}],"version-history":[{"count":0,"href":"https:\/\/www.tucomarca.com\/wordpress\/segunda\/ca\/wp-json\/wp\/v2\/posts\/89494\/revisions"}],"wp:featuredmedia":[{"embeddable":true,"href":"https:\/\/www.tucomarca.com\/wordpress\/segunda\/ca\/wp-json\/wp\/v2\/media\/89492"}],"wp:attachment":[{"href":"https:\/\/www.tucomarca.com\/wordpress\/segunda\/ca\/wp-json\/wp\/v2\/media?parent=89494"}],"wp:term":[{"taxonomy":"category","embeddable":true,"href":"https:\/\/www.tucomarca.com\/wordpress\/segunda\/ca\/wp-json\/wp\/v2\/categories?post=89494"},{"taxonomy":"post_tag","embeddable":true,"href":"https:\/\/www.tucomarca.com\/wordpress\/segunda\/ca\/wp-json\/wp\/v2\/tags?post=89494"}],"curies":[{"name":"wp","href":"https:\/\/api.w.org\/{rel}","templated":true}]}}