{"id":89791,"date":"2019-07-30T20:21:26","date_gmt":"2019-07-30T18:21:26","guid":{"rendered":"http:\/\/www.tucomarca.com\/wordpress\/segunda\/?p=89791"},"modified":"2019-07-30T20:21:26","modified_gmt":"2019-07-30T18:21:26","slug":"riba-roja-augmenta-el-pressupost-fins-als-262-milions-deuros-amb-un-increment-de-18-milions-en-ingressos-per-larribada-de-noves-empreses-als-poligons","status":"publish","type":"post","link":"https:\/\/www.tucomarca.com\/wordpress\/segunda\/ca\/riba-roja-augmenta-el-pressupost-fins-als-262-milions-deuros-amb-un-increment-de-18-milions-en-ingressos-per-larribada-de-noves-empreses-als-poligons\/","title":{"rendered":"Riba-roja augmenta el pressupost fins als 26&#8217;2 milions d&#8217;euros amb un increment de 1&#8217;8 milions en ingressos per l&#8217;arribada de noves empreses als pol\u00edgons"},"content":{"rendered":"<figure id=\"attachment_89788\" aria-describedby=\"caption-attachment-89788\" style=\"width: 483px\" class=\"wp-caption alignnone\"><img loading=\"lazy\" decoding=\"async\" class=\" wp-image-89788\" src=\"http:\/\/www.tucomarca.com\/wordpress\/segunda\/wp-content\/uploads\/2019\/07\/plenoPresupuestos.jpg\" alt=\"El pleno destina m\u00e1s de 11 millones a Educaci\u00f3n, Empleo, Servicios Sociales, Cultura y Deportes\" width=\"483\" height=\"362\" srcset=\"https:\/\/www.tucomarca.com\/wordpress\/segunda\/wp-content\/uploads\/2019\/07\/plenoPresupuestos.jpg 2080w, https:\/\/www.tucomarca.com\/wordpress\/segunda\/wp-content\/uploads\/2019\/07\/plenoPresupuestos-300x225.jpg 300w, https:\/\/www.tucomarca.com\/wordpress\/segunda\/wp-content\/uploads\/2019\/07\/plenoPresupuestos-768x576.jpg 768w, https:\/\/www.tucomarca.com\/wordpress\/segunda\/wp-content\/uploads\/2019\/07\/plenoPresupuestos-1024x768.jpg 1024w\" sizes=\"auto, (max-width: 483px) 100vw, 483px\" \/><figcaption id=\"caption-attachment-89788\" class=\"wp-caption-text\">El ple destina m\u00e9s de 11 milions a Educaci\u00f3, Ocupaci\u00f3, Serveis Socials, Cultura i Esports<\/figcaption><\/figure>\n<p>El ple de l&#8217;Ajuntament de Riba-roja de T\u00faria ha aprovat en el mat\u00ed d&#8217;avui dimarts el pressupost d&#8217;aquest any que puja a 26&#8217;2 milions d&#8217;euros, \u00e9s a dir, un 7&#8217;7% m\u00e9s respecte el del passat exercici gr\u00e0cies als majors ingressos previstos per l&#8217;arribada de noves empreses als pol\u00edgons industrials i l&#8217;arribada de subvencions i programes corresponents a fons europeus.<\/p>\n<p>Els comptes han estat aprovades amb els vots de l&#8217;equip de govern del PSPV mentre que la resta dels partits de l&#8217;oposici\u00f3 han votat en contra: Partit Popular, Ciutadans, Comprom\u00eds, Esquerra Unida, Podem i Vox.<\/p>\n<p>El pressupost de Riba-roja de T\u00faria marca, clarament, les l\u00ednies estrat\u00e8giques de l&#8217;equip de govern centrat en algunes partides clau com l&#8217;Educaci\u00f3, Serveis Socials, Foment de l&#8217;Ocupaci\u00f3, Cultura, Esport i ajudes a les petites i mitjanes empreses, a m\u00e9s del transport p\u00fablic, l&#8217;import global supera \u00e0mpliament 16&#8217;2 milions d&#8217;euros.<\/p>\n<p>A m\u00e9s, les inversions que dur\u00e0 a terme el govern municipal de Riba-roja de T\u00faria augmenten en un 16&#8217;5% respecte del passat pressupost en passar d&#8217;1 a gaireb\u00e9 1&#8217;2 milions d&#8217;euros, gr\u00e0cies als quals es podran dur a terme obres i programes de gesti\u00f3 p\u00fablica en els barris del casc urb\u00e0 i de les urbanitzacions del terme municipal.<\/p>\n<p>Els comptes marquen algunes prioritats com els 834.000 euros per al departament de Medi Ambient; altres 2&#8217;7 milions en Seguretat i Mobilitat; els 3&#8217;2 milions en Promoci\u00f3 Social, Plans d&#8217;Ocupaci\u00f3 i Formaci\u00f3; altres 5 milions en Educaci\u00f3; una partida de 1&#8217;6 milions a l&#8217;\u00e0rea de Cultura durant aquest exercici; altres 1&#8217;5 milions d&#8217;euros per al departament d&#8217;Esports; al voltant de 884.000 en Comer\u00e7, Turisme i Pimes (petites i mitjanes empreses); i, finalment, altres 570.000 euros en les pol\u00edtiques del Transport P\u00fablic, entre d&#8217;altres.<\/p>\n<p>Tot aix\u00f2 sense oblidar els dos grans plans duts a terme durant la passada legislatura, com el pla de rehabilitaci\u00f3 de fa\u00e7anes o el pla Renove enfocat als barris i urbanitzacions que continuar\u00e0 en marxa i plenament consolidat durant l&#8217;any 2020.<\/p>\n<p>L&#8217;equip de govern de Riba-roja ha tingut una especial atenci\u00f3 amb el programa RibActiva centrat en la creaci\u00f3 i foment de l&#8217;ocupaci\u00f3 en la localitat que en un sol any ha doblat gaireb\u00e9 tots els seus esfor\u00e7os i inversions en passar dels 641.000 euros de l&#8217;any 2018 als 1&#8217;1 milions d&#8217;euros que es duran a terme en els comptes aprovats aquest mat\u00ed.<\/p>\n<p>L&#8217;elaboraci\u00f3 d&#8217;aquests prepuestos &#8220;expansius&#8221; ha estat possible gr\u00e0cies als 1&#8217;8 milions d&#8217;euros que s&#8217;ingressaran m\u00e9s, resultat de l&#8217;arribada de noves i grans empreses als pol\u00edgons industrials, una major inspecci\u00f3 en les empreses en el pagament d&#8217;impostos i una major consecuci\u00f3 de subvencions i ajudes procedents, principalment, de fons europeus.<\/p>\n<p>La creaci\u00f3 de noves regidories i \u00e0rees ha estat una de les grans apostes que l&#8217;equip de govern ha destacat a l&#8217;hora de l&#8217;elaboraci\u00f3 dels comptes econ\u00f2mics, com \u00e9s el cas de Majors, Projectes Europeus i Innovaci\u00f3, Inf\u00e0ncia i Adolesc\u00e8ncia o Benestar Animal , entre d&#8217;altres.<\/p>\n<p>L&#8217;alcalde de Riba-roja de T\u00faria, Robert Raga, ha subratllat en la seva intervenci\u00f3 la necessitat d&#8217;aprovar aquests comptes per a la resta de l&#8217;any &#8220;perqu\u00e8 es tracta d&#8217;un mandat que ens van donar els ciutadans a les eleccions municipals passades i que ens permetr\u00e0 aplicar les grans l\u00ednies program\u00e0tiques dels socialistes i desenvolupar alguns projectes molt ambiciosos com els terrenys del Pacadar o la nova Ciutat Esportiva, gr\u00e0cies a una excel\u00b7lent gesti\u00f3 econ\u00f2mica amb un deute a zero i una liquiditat banc\u00e0ria de 4&#8217;4 milions d&#8217;euros &#8220;.<\/p>\n","protected":false},"excerpt":{"rendered":"<div class=\"mh-excerpt\">El ple de l&#8217;Ajuntament de Riba-roja de T\u00faria ha aprovat en el mat\u00ed d&#8217;avui dimarts el pressupost d&#8217;aquest any que puja a 26&#8217;2 milions d&#8217;euros, \u00e9s a dir, un 7&#8217;7% m\u00e9s respecte el del passat <a class=\"mh-excerpt-more\" href=\"https:\/\/www.tucomarca.com\/wordpress\/segunda\/ca\/riba-roja-augmenta-el-pressupost-fins-als-262-milions-deuros-amb-un-increment-de-18-milions-en-ingressos-per-larribada-de-noves-empreses-als-poligons\/\" title=\"Riba-roja augmenta el pressupost fins als 26&#8217;2 milions d&#8217;euros amb un increment de 1&#8217;8 milions en ingressos per l&#8217;arribada de noves empreses als pol\u00edgons\">[+] <\/a><\/div>\n","protected":false},"author":1,"featured_media":89789,"comment_status":"open","ping_status":"open","sticky":false,"template":"","format":"standard","meta":{"footnotes":""},"categories":[10892,10898,10894,10947,10906,10896],"tags":[10899,11102],"class_list":{"0":"post-89791","1":"post","2":"type-post","3":"status-publish","4":"format-standard","5":"has-post-thumbnail","7":"category-camp-de-turia-ca","8":"category-ventana-ca","9":"category-la-comarca-ca","10":"category-politica","11":"category-riba-roja-ca","12":"category-seccion-ca","13":"tag-camp-de-turia-ca","14":"tag-riba-roja-2-ca"},"_links":{"self":[{"href":"https:\/\/www.tucomarca.com\/wordpress\/segunda\/ca\/wp-json\/wp\/v2\/posts\/89791","targetHints":{"allow":["GET"]}}],"collection":[{"href":"https:\/\/www.tucomarca.com\/wordpress\/segunda\/ca\/wp-json\/wp\/v2\/posts"}],"about":[{"href":"https:\/\/www.tucomarca.com\/wordpress\/segunda\/ca\/wp-json\/wp\/v2\/types\/post"}],"author":[{"embeddable":true,"href":"https:\/\/www.tucomarca.com\/wordpress\/segunda\/ca\/wp-json\/wp\/v2\/users\/1"}],"replies":[{"embeddable":true,"href":"https:\/\/www.tucomarca.com\/wordpress\/segunda\/ca\/wp-json\/wp\/v2\/comments?post=89791"}],"version-history":[{"count":0,"href":"https:\/\/www.tucomarca.com\/wordpress\/segunda\/ca\/wp-json\/wp\/v2\/posts\/89791\/revisions"}],"wp:featuredmedia":[{"embeddable":true,"href":"https:\/\/www.tucomarca.com\/wordpress\/segunda\/ca\/wp-json\/wp\/v2\/media\/89789"}],"wp:attachment":[{"href":"https:\/\/www.tucomarca.com\/wordpress\/segunda\/ca\/wp-json\/wp\/v2\/media?parent=89791"}],"wp:term":[{"taxonomy":"category","embeddable":true,"href":"https:\/\/www.tucomarca.com\/wordpress\/segunda\/ca\/wp-json\/wp\/v2\/categories?post=89791"},{"taxonomy":"post_tag","embeddable":true,"href":"https:\/\/www.tucomarca.com\/wordpress\/segunda\/ca\/wp-json\/wp\/v2\/tags?post=89791"}],"curies":[{"name":"wp","href":"https:\/\/api.w.org\/{rel}","templated":true}]}}