{"id":90021,"date":"2019-08-06T15:17:38","date_gmt":"2019-08-06T13:17:38","guid":{"rendered":"http:\/\/www.tucomarca.com\/wordpress\/segunda\/?p=90021"},"modified":"2019-08-06T15:17:38","modified_gmt":"2019-08-06T13:17:38","slug":"lajuntament-de-vilamarxant-obte-una-subvencio-per-a-la-instal%c2%b7lacio-de-dos-punts-de-carrega-per-a-cotxes-electrics","status":"publish","type":"post","link":"https:\/\/www.tucomarca.com\/wordpress\/segunda\/ca\/lajuntament-de-vilamarxant-obte-una-subvencio-per-a-la-instal%c2%b7lacio-de-dos-punts-de-carrega-per-a-cotxes-electrics\/","title":{"rendered":"L&#8217;Ajuntament de Vilamarxant obt\u00e9 una subvenci\u00f3 per a la instal\u00b7laci\u00f3 de dos punts de c\u00e0rrega per a cotxes el\u00e8ctrics"},"content":{"rendered":"<figure id=\"attachment_82393\" aria-describedby=\"caption-attachment-82393\" style=\"width: 491px\" class=\"wp-caption alignnone\"><img loading=\"lazy\" decoding=\"async\" class=\" wp-image-82393\" src=\"http:\/\/www.tucomarca.com\/wordpress\/segunda\/wp-content\/uploads\/2019\/02\/carga-electricocheste.jpg\" alt=\"El Ayuntamiento de Vilamarxant ha obtenido una subvenci\u00f3n para el proyecto de instalaci\u00f3n de dos puntos de carga para coches el\u00e9ctricos en el municipio de la Comarca del Camp de T\u00faria.\" width=\"491\" height=\"327\" srcset=\"https:\/\/www.tucomarca.com\/wordpress\/segunda\/wp-content\/uploads\/2019\/02\/carga-electricocheste.jpg 4717w, https:\/\/www.tucomarca.com\/wordpress\/segunda\/wp-content\/uploads\/2019\/02\/carga-electricocheste-300x200.jpg 300w, https:\/\/www.tucomarca.com\/wordpress\/segunda\/wp-content\/uploads\/2019\/02\/carga-electricocheste-768x512.jpg 768w, https:\/\/www.tucomarca.com\/wordpress\/segunda\/wp-content\/uploads\/2019\/02\/carga-electricocheste-1024x683.jpg 1024w\" sizes=\"auto, (max-width: 491px) 100vw, 491px\" \/><figcaption id=\"caption-attachment-82393\" class=\"wp-caption-text\">L&#8217;Ajuntament de Vilamarxant ha obtingut una subvenci\u00f3 per al projecte d&#8217;instal\u00b7laci\u00f3 de dos punts de c\u00e0rrega per a cotxes el\u00e8ctrics en el municipi de la Comarca del Camp de T\u00faria.<\/figcaption><\/figure>\n<p>L&#8217;Ajuntament de Vilamarxant ha obtingut una subvenci\u00f3 per al projecte d&#8217;instal\u00b7laci\u00f3 de dos punts de c\u00e0rrega per a cotxes el\u00e8ctrics en el municipi de la Comarca del Camp de T\u00faria.<\/p>\n<p>L&#8217;Institut Valenci\u00e0 de Competitivitat Empresarial (IVACE) de la Conselleria d&#8217;Economia Ssotenible, sectors productius, Comer\u00e7 i Treball ha concedit un total de 12.430,40 euros per dur a terme aquesta actuaci\u00f3, que tindr\u00e0 un cost total de 15.538 euros.<\/p>\n<p>La corporaci\u00f3 municipal ha obtingut la notificaci\u00f3 d&#8217;aquesta subvenci\u00f3 despr\u00e9s de la resoluci\u00f3 dictada el passat 1 d&#8217;agost.<\/p>\n<p>V\u00edctor Sanchis, regidor de Desenvolupament Local de l&#8217;Ajuntament de Vilamarxant, ha indicat que el projecte per a la instal\u00b7laci\u00f3 de dos punts de c\u00e0rrega per a cotxes el\u00e8ctrics suposa &#8220;la modernitzaci\u00f3 de la nostra localitat cap a un futur m\u00e9s sostenible&#8221;.<\/p>\n<p>&#8220;Estem compromesos amb el medi ambient i des de l&#8217;Ajuntament treballarem per aconseguir un m\u00f3n millor. Aquest projecte, que ajudar\u00e0 a fomentar la utilitzaci\u00f3 de cotxes el\u00e8ctrics a la nostra localitat, permetr\u00e0 que els nostres ve\u00efns puguin carregar els seus vehicles de manera segura &#8220;, ha concl\u00f2s Sanchis.<\/p>\n","protected":false},"excerpt":{"rendered":"<div class=\"mh-excerpt\">L&#8217;Ajuntament de Vilamarxant ha obtingut una subvenci\u00f3 per al projecte d&#8217;instal\u00b7laci\u00f3 de dos punts de c\u00e0rrega per a cotxes el\u00e8ctrics en el municipi de la Comarca del Camp de T\u00faria. L&#8217;Institut Valenci\u00e0 de Competitivitat Empresarial <a class=\"mh-excerpt-more\" href=\"https:\/\/www.tucomarca.com\/wordpress\/segunda\/ca\/lajuntament-de-vilamarxant-obte-una-subvencio-per-a-la-instal%c2%b7lacio-de-dos-punts-de-carrega-per-a-cotxes-electrics\/\" title=\"L&#8217;Ajuntament de Vilamarxant obt\u00e9 una subvenci\u00f3 per a la instal\u00b7laci\u00f3 de dos punts de c\u00e0rrega per a cotxes el\u00e8ctrics\">[+] <\/a><\/div>\n","protected":false},"author":1,"featured_media":82394,"comment_status":"open","ping_status":"open","sticky":false,"template":"","format":"standard","meta":{"footnotes":""},"categories":[10892,10948,10894,10903,10896,10927],"tags":[10899,11064],"class_list":{"0":"post-90021","1":"post","2":"type-post","3":"status-publish","4":"format-standard","5":"has-post-thumbnail","7":"category-camp-de-turia-ca","8":"category-infraestructuras-ca","9":"category-la-comarca-ca","10":"category-medio-ambiente-la-comarca-ca","11":"category-seccion-ca","12":"category-vilamarxant-ca","13":"tag-camp-de-turia-ca","14":"tag-villamarxant-ca"},"_links":{"self":[{"href":"https:\/\/www.tucomarca.com\/wordpress\/segunda\/ca\/wp-json\/wp\/v2\/posts\/90021","targetHints":{"allow":["GET"]}}],"collection":[{"href":"https:\/\/www.tucomarca.com\/wordpress\/segunda\/ca\/wp-json\/wp\/v2\/posts"}],"about":[{"href":"https:\/\/www.tucomarca.com\/wordpress\/segunda\/ca\/wp-json\/wp\/v2\/types\/post"}],"author":[{"embeddable":true,"href":"https:\/\/www.tucomarca.com\/wordpress\/segunda\/ca\/wp-json\/wp\/v2\/users\/1"}],"replies":[{"embeddable":true,"href":"https:\/\/www.tucomarca.com\/wordpress\/segunda\/ca\/wp-json\/wp\/v2\/comments?post=90021"}],"version-history":[{"count":0,"href":"https:\/\/www.tucomarca.com\/wordpress\/segunda\/ca\/wp-json\/wp\/v2\/posts\/90021\/revisions"}],"wp:featuredmedia":[{"embeddable":true,"href":"https:\/\/www.tucomarca.com\/wordpress\/segunda\/ca\/wp-json\/wp\/v2\/media\/82394"}],"wp:attachment":[{"href":"https:\/\/www.tucomarca.com\/wordpress\/segunda\/ca\/wp-json\/wp\/v2\/media?parent=90021"}],"wp:term":[{"taxonomy":"category","embeddable":true,"href":"https:\/\/www.tucomarca.com\/wordpress\/segunda\/ca\/wp-json\/wp\/v2\/categories?post=90021"},{"taxonomy":"post_tag","embeddable":true,"href":"https:\/\/www.tucomarca.com\/wordpress\/segunda\/ca\/wp-json\/wp\/v2\/tags?post=90021"}],"curies":[{"name":"wp","href":"https:\/\/api.w.org\/{rel}","templated":true}]}}