{"id":90044,"date":"2019-08-06T19:21:24","date_gmt":"2019-08-06T17:21:24","guid":{"rendered":"http:\/\/www.tucomarca.com\/wordpress\/segunda\/?p=90044"},"modified":"2019-08-06T19:21:24","modified_gmt":"2019-08-06T17:21:24","slug":"la-regidoria-de-serveis-de-xest-recorda-a-la-poblacio-la-normativa-de-recollida-de-residus-urbans","status":"publish","type":"post","link":"https:\/\/www.tucomarca.com\/wordpress\/segunda\/ca\/la-regidoria-de-serveis-de-xest-recorda-a-la-poblacio-la-normativa-de-recollida-de-residus-urbans\/","title":{"rendered":"La regidoria de Serveis de Xest recorda a la poblaci\u00f3 la normativa de recollida de residus urbans"},"content":{"rendered":"<p><img loading=\"lazy\" decoding=\"async\" class=\"wp-image-90041 alignleft\" src=\"http:\/\/www.tucomarca.com\/wordpress\/segunda\/wp-content\/uploads\/2019\/08\/Cartel_RSU.jpg\" alt=\"Dentro de la campa\u00f1a #ChesteCu\u00eddalo, la concejal\u00eda de Servicios Municipales ha publicado un recordatorio con las normas de recogida de residuos urbanos en la localidad, con la finalidad de mantener las calles y los contenedores limpios.\" width=\"564\" height=\"401\" srcset=\"https:\/\/www.tucomarca.com\/wordpress\/segunda\/wp-content\/uploads\/2019\/08\/Cartel_RSU.jpg 1207w, https:\/\/www.tucomarca.com\/wordpress\/segunda\/wp-content\/uploads\/2019\/08\/Cartel_RSU-300x213.jpg 300w, https:\/\/www.tucomarca.com\/wordpress\/segunda\/wp-content\/uploads\/2019\/08\/Cartel_RSU-768x546.jpg 768w, https:\/\/www.tucomarca.com\/wordpress\/segunda\/wp-content\/uploads\/2019\/08\/Cartel_RSU-1024x728.jpg 1024w\" sizes=\"auto, (max-width: 564px) 100vw, 564px\" \/><\/p>\n<p>Dins de la campanya # ChesteCu\u00eddalo, la regidoria de Serveis Municipals ha publicat un recordatori amb les normes de recollida de residus urbans en la localitat, amb la finalitat de mantenir els carrers i els contenidors limpios.Dentro de la campanya # ChesteCu\u00eddalo, la regidoria de serveis Municipals ha publicat un recordatori amb les normes de recollida de residus urbans en la localitat, amb la finalitat de mantenir els carrers i els contenidors nets.<\/p>\n<p>&#8220;\u00c9s important que els ve\u00efns i ve\u00efnes tinguin en compte quins s\u00f3n els residus que s&#8217;han de dipositen en cada contenidor i que respectin els horaris estipulats per facilitar la recollida d&#8217;escombraries per part de l&#8217;empresa que porta a terme el servei i per evitar que quedin restes d&#8217;escombraries acumulades durant el dia. D&#8217;aquesta manera, amb la col\u00b7laboraci\u00f3 de tots i totes, mantindrem un poble m\u00e9s net &#8220;, ha declarat el regidor de Serveis, Jos\u00e9 Vicente Guijarro. &#8220;A m\u00e9s, recordem a la poblaci\u00f3 que els estris o andr\u00f2mines s&#8217;han de dur a l&#8217;ecoparc. En cas de no poder portar-los, es pot sol\u00b7licitar el servei de recollida a domicili, que s&#8217;efectua els dimecres, previ av\u00eds a l&#8217;Ajuntament, trucant al 962510015 &#8220;.<\/p>\n<p>La campanya informa que els residus que s&#8217;han de dipositar en els contenidors grisos s\u00f3n restes de menjar, cer\u00e0mica i porcellana, residus sanitaris o higi\u00e8nics, residus de neteja dom\u00e8stica, paper i cartr\u00f3 bruts i gots, copes o altres objectes de vidre; el vidre s&#8217;ha de dipositar en els contenidors de reciclatge de Ecovidrio.<\/p>\n<p>La recollida de residus no reciclables es realitza de diumenge a divendres, a partir de les 22 hores.<\/p>\n","protected":false},"excerpt":{"rendered":"<div class=\"mh-excerpt\">Dins de la campanya # ChesteCu\u00eddalo, la regidoria de Serveis Municipals ha publicat un recordatori amb les normes de recollida de residus urbans en la localitat, amb la finalitat de mantenir els carrers i els <a class=\"mh-excerpt-more\" href=\"https:\/\/www.tucomarca.com\/wordpress\/segunda\/ca\/la-regidoria-de-serveis-de-xest-recorda-a-la-poblacio-la-normativa-de-recollida-de-residus-urbans\/\" title=\"La regidoria de Serveis de Xest recorda a la poblaci\u00f3 la normativa de recollida de residus urbans\">[+] <\/a><\/div>\n","protected":false},"author":1,"featured_media":90042,"comment_status":"open","ping_status":"open","sticky":false,"template":"","format":"standard","meta":{"footnotes":""},"categories":[10894,10912,10896,10974],"tags":[11071,10914],"class_list":{"0":"post-90044","1":"post","2":"type-post","3":"status-publish","4":"format-standard","5":"has-post-thumbnail","7":"category-la-comarca-ca","8":"category-la-hoya-ca","9":"category-seccion-ca","10":"category-cheste-ca","11":"tag-cheste","12":"tag-la-hoya-de-bunol-chiva-ca"},"_links":{"self":[{"href":"https:\/\/www.tucomarca.com\/wordpress\/segunda\/ca\/wp-json\/wp\/v2\/posts\/90044","targetHints":{"allow":["GET"]}}],"collection":[{"href":"https:\/\/www.tucomarca.com\/wordpress\/segunda\/ca\/wp-json\/wp\/v2\/posts"}],"about":[{"href":"https:\/\/www.tucomarca.com\/wordpress\/segunda\/ca\/wp-json\/wp\/v2\/types\/post"}],"author":[{"embeddable":true,"href":"https:\/\/www.tucomarca.com\/wordpress\/segunda\/ca\/wp-json\/wp\/v2\/users\/1"}],"replies":[{"embeddable":true,"href":"https:\/\/www.tucomarca.com\/wordpress\/segunda\/ca\/wp-json\/wp\/v2\/comments?post=90044"}],"version-history":[{"count":0,"href":"https:\/\/www.tucomarca.com\/wordpress\/segunda\/ca\/wp-json\/wp\/v2\/posts\/90044\/revisions"}],"wp:featuredmedia":[{"embeddable":true,"href":"https:\/\/www.tucomarca.com\/wordpress\/segunda\/ca\/wp-json\/wp\/v2\/media\/90042"}],"wp:attachment":[{"href":"https:\/\/www.tucomarca.com\/wordpress\/segunda\/ca\/wp-json\/wp\/v2\/media?parent=90044"}],"wp:term":[{"taxonomy":"category","embeddable":true,"href":"https:\/\/www.tucomarca.com\/wordpress\/segunda\/ca\/wp-json\/wp\/v2\/categories?post=90044"},{"taxonomy":"post_tag","embeddable":true,"href":"https:\/\/www.tucomarca.com\/wordpress\/segunda\/ca\/wp-json\/wp\/v2\/tags?post=90044"}],"curies":[{"name":"wp","href":"https:\/\/api.w.org\/{rel}","templated":true}]}}