{"id":90105,"date":"2019-08-06T15:06:09","date_gmt":"2019-08-06T13:06:09","guid":{"rendered":"http:\/\/www.tucomarca.com\/wordpress\/segunda\/?p=90105"},"modified":"2019-08-06T15:06:09","modified_gmt":"2019-08-06T13:06:09","slug":"el-circuit-culmina-les-obres-de-manteniment-per-a-incrementar-la-seguretat-de-cara-al-gran-premi","status":"publish","type":"post","link":"https:\/\/www.tucomarca.com\/wordpress\/segunda\/ca\/el-circuit-culmina-les-obres-de-manteniment-per-a-incrementar-la-seguretat-de-cara-al-gran-premi\/","title":{"rendered":"El Circuit culmina les obres de manteniment per a incrementar la seguretat de cara al Gran Premi"},"content":{"rendered":"<figure id=\"attachment_90102\" aria-describedby=\"caption-attachment-90102\" style=\"width: 579px\" class=\"wp-caption alignleft\"><img loading=\"lazy\" decoding=\"async\" class=\" wp-image-90102\" src=\"http:\/\/www.tucomarca.com\/wordpress\/segunda\/wp-content\/uploads\/2019\/08\/ChesteCircuit.jpg\" alt=\"Trabajos de mantenimiento de drenajes en el Circuito.\" width=\"579\" height=\"434\" srcset=\"https:\/\/www.tucomarca.com\/wordpress\/segunda\/wp-content\/uploads\/2019\/08\/ChesteCircuit.jpg 2000w, https:\/\/www.tucomarca.com\/wordpress\/segunda\/wp-content\/uploads\/2019\/08\/ChesteCircuit-300x225.jpg 300w, https:\/\/www.tucomarca.com\/wordpress\/segunda\/wp-content\/uploads\/2019\/08\/ChesteCircuit-768x576.jpg 768w, https:\/\/www.tucomarca.com\/wordpress\/segunda\/wp-content\/uploads\/2019\/08\/ChesteCircuit-1024x768.jpg 1024w\" sizes=\"auto, (max-width: 579px) 100vw, 579px\" \/><figcaption id=\"caption-attachment-90102\" class=\"wp-caption-text\">Treballs de manteniment de drenatges al Circuit.<\/figcaption><\/figure>\n<p>El Circuit Ricardo Tormo ha finalitzat les obres de manteniment de cara a la celebraci\u00f3 en el mes de novembre del Gran Premi Motul de la Comunitat Valenciana.<\/p>\n<p>Els treballs han durat poc m\u00e9s de dues setmanes i han sigut duts a terme per l&#8217;equip de manteniment del Circuit. El treball m\u00e9s important \u00e9s la posada en servei d&#8217;un nou vial de seguretat en l&#8217;exterior de la revolta Bernat Mart\u00ednez, que a partir d&#8217;ara quedar\u00e0 protegit de la pista per una barrera de pneum\u00e0tics.<\/p>\n<p>&#8220;La seguretat \u00e9s una de les claus del Circuit Ricardo Tormo des de la seua posada en servei en 1999&#8221;, ha indicat el director general Gonzalo Gobert, que ha assenyalat que &#8220;el Circuit millora cada any amb xicotets detalls que s\u00f3n molt ben valorats tant pels pilots de motociclisme i automobilisme com pels aficionats que tamb\u00e9 tenen l&#8217;oportunitat de rodar per la pista del Gran Premi&#8221;.<\/p>\n<p>A m\u00e9s, un dels elements m\u00e9s emblem\u00e0tics de la zona d&#8217;eixida i meta, l&#8217;illot des del qual es mostra la bandera a quadres, ha sigut remodelat. Des d&#8217;ara llueix els colors de la imatge corporativa del Circuit.<\/p>\n<p><b>Drenatges<\/b><\/p>\n<p>El Gran Premi Motul de la Comunitat Valenciana de la passada temporada va ser una aut\u00e8ntica prova de foc per al tra\u00e7at de Cheste en mat\u00e8ria d&#8217;evacuaci\u00f3 d&#8217;aigua. Amb prop de cent litres per metre quadrat en alguna de les jornades, la pista va demostrar les seues qualitats i va permetre que es completara sense majors problemes el programa del Gran Premi.<\/p>\n<p>No obstant aix\u00f2, durant la celebraci\u00f3 de l&#8217;esdeveniment es van detectar algunes possibles millores en la revolta de Jorge Mart\u00ednez Aspar, la revolta 10, el curvone i la revolta Adri\u00e1n Campos. En aquests punts s&#8217;han fet diferents intervencions per a garantir el correcte drenatge de la pista en cas de pluges torrencials.<\/p>\n","protected":false},"excerpt":{"rendered":"<div class=\"mh-excerpt\">El Circuit Ricardo Tormo ha finalitzat les obres de manteniment de cara a la celebraci\u00f3 en el mes de novembre del Gran Premi Motul de la Comunitat Valenciana. Els treballs han durat poc m\u00e9s de <a class=\"mh-excerpt-more\" href=\"https:\/\/www.tucomarca.com\/wordpress\/segunda\/ca\/el-circuit-culmina-les-obres-de-manteniment-per-a-incrementar-la-seguretat-de-cara-al-gran-premi\/\" title=\"El Circuit culmina les obres de manteniment per a incrementar la seguretat de cara al Gran Premi\">[+] <\/a><\/div>\n","protected":false},"author":1,"featured_media":90103,"comment_status":"open","ping_status":"open","sticky":false,"template":"","format":"standard","meta":{"footnotes":""},"categories":[11017,11003,10898,10948,10894,11011,10896],"tags":[11334,11109],"class_list":{"0":"post-90105","1":"post","2":"type-post","3":"status-publish","4":"format-standard","5":"has-post-thumbnail","7":"category-automovilismo-ca","8":"category-sports","9":"category-ventana-ca","10":"category-infraestructuras-ca","11":"category-la-comarca-ca","12":"category-motociclismo-ca","13":"category-seccion-ca","14":"tag-circuit-ca","15":"tag-xest"},"_links":{"self":[{"href":"https:\/\/www.tucomarca.com\/wordpress\/segunda\/ca\/wp-json\/wp\/v2\/posts\/90105","targetHints":{"allow":["GET"]}}],"collection":[{"href":"https:\/\/www.tucomarca.com\/wordpress\/segunda\/ca\/wp-json\/wp\/v2\/posts"}],"about":[{"href":"https:\/\/www.tucomarca.com\/wordpress\/segunda\/ca\/wp-json\/wp\/v2\/types\/post"}],"author":[{"embeddable":true,"href":"https:\/\/www.tucomarca.com\/wordpress\/segunda\/ca\/wp-json\/wp\/v2\/users\/1"}],"replies":[{"embeddable":true,"href":"https:\/\/www.tucomarca.com\/wordpress\/segunda\/ca\/wp-json\/wp\/v2\/comments?post=90105"}],"version-history":[{"count":0,"href":"https:\/\/www.tucomarca.com\/wordpress\/segunda\/ca\/wp-json\/wp\/v2\/posts\/90105\/revisions"}],"wp:featuredmedia":[{"embeddable":true,"href":"https:\/\/www.tucomarca.com\/wordpress\/segunda\/ca\/wp-json\/wp\/v2\/media\/90103"}],"wp:attachment":[{"href":"https:\/\/www.tucomarca.com\/wordpress\/segunda\/ca\/wp-json\/wp\/v2\/media?parent=90105"}],"wp:term":[{"taxonomy":"category","embeddable":true,"href":"https:\/\/www.tucomarca.com\/wordpress\/segunda\/ca\/wp-json\/wp\/v2\/categories?post=90105"},{"taxonomy":"post_tag","embeddable":true,"href":"https:\/\/www.tucomarca.com\/wordpress\/segunda\/ca\/wp-json\/wp\/v2\/tags?post=90105"}],"curies":[{"name":"wp","href":"https:\/\/api.w.org\/{rel}","templated":true}]}}