{"id":90111,"date":"2019-08-06T11:55:02","date_gmt":"2019-08-06T09:55:02","guid":{"rendered":"http:\/\/www.tucomarca.com\/wordpress\/segunda\/?p=90111"},"modified":"2019-08-06T11:55:02","modified_gmt":"2019-08-06T09:55:02","slug":"sanitat-activa-lalerta-per-calor-alt-a-les-comarques-de-la-canal-de-navarres-i-la-foia-de-bunyol","status":"publish","type":"post","link":"https:\/\/www.tucomarca.com\/wordpress\/segunda\/ca\/sanitat-activa-lalerta-per-calor-alt-a-les-comarques-de-la-canal-de-navarres-i-la-foia-de-bunyol\/","title":{"rendered":"Sanitat activa l&#8217;alerta per calor alt a les comarques de la Canal de Navarr\u00e9s i la Foia de Bunyol"},"content":{"rendered":"<p>La Conselleria de Sanitat Universal i Salut P\u00fablica, segons les prediccions del Centre d&#8217;Estudis Ambientals del Mediterrani CEAM, ha activat per a aquest dimarts l&#8217;alerta sanit\u00e0ria per nivell alt o taronja (temperatures que podrien superar els 39 graus) en zones de dues comarques de la Comunitat Valenciana, la Canal de Navarr\u00e9s i la Foia de Bunyol.<\/p>\n<p>En concret, les zona climatol\u00f2gica en alerta per nivell taronja \u00e9s la 17. Les poblacions que corresponen a aquesta zona s\u00f3n Enguera, Bicorp, Bolbaite, Anna, Xella, Dosaig\u00fces, Millars, Navarr\u00e9s i Quesa.<\/p>\n<p><strong>Recomanacions davant la calor<\/strong><\/p>\n<p>Aquest augment de temperatures ha provocat que s&#8217;activi el protocol per advertir a la poblaci\u00f3 sobre els riscos que pot ocasionar aquesta situaci\u00f3. Les indicacions estan dirigides especialment als col\u00b7lectius m\u00e9s vulnerables a la calor: la gent gran, les persones amb malalties cr\u00f2niques, els que treballen exposats a altes temperatures, aix\u00ed com nens i nenes.<\/p>\n<p>Es recomana evitar sortir al carrer en les hores m\u00e9s caloroses del dia, utilitzar roba ampla, lleugera i de colors clars i protegir el cap amb una gorra o barret. A la llar, s&#8217;aconsella tancar les persianes i baixar els tendals a les fa\u00e7anes exposades al sol, a m\u00e9s de situar-se en les zones m\u00e9s fresques de la casa.<\/p>\n<p>Finalment, s&#8217;insta la poblaci\u00f3 a beure aigua amb freq\u00fc\u00e8ncia, encara que no es tingui set; evitar l&#8217;exc\u00e9s d&#8217;alcohol i les begudes amb molta cafe\u00efna; i substituir els menjars abundants i calents per plats freds, fruites i verdures fresques.<\/p>\n<p>La ciutadania pot consultar m\u00e9s informaci\u00f3 i recomanacions per protegir la salut en cas de temperatures extremes a la p\u00e0gina web de la Conselleria de Sanitat Universal i Salut P\u00fablica.<\/p>\n","protected":false},"excerpt":{"rendered":"<div class=\"mh-excerpt\">La Conselleria de Sanitat Universal i Salut P\u00fablica, segons les prediccions del Centre d&#8217;Estudis Ambientals del Mediterrani CEAM, ha activat per a aquest dimarts l&#8217;alerta sanit\u00e0ria per nivell alt o taronja (temperatures que podrien superar <a class=\"mh-excerpt-more\" href=\"https:\/\/www.tucomarca.com\/wordpress\/segunda\/ca\/sanitat-activa-lalerta-per-calor-alt-a-les-comarques-de-la-canal-de-navarres-i-la-foia-de-bunyol\/\" title=\"Sanitat activa l&#8217;alerta per calor alt a les comarques de la Canal de Navarr\u00e9s i la Foia de Bunyol\">[+] <\/a><\/div>\n","protected":false},"author":1,"featured_media":71049,"comment_status":"open","ping_status":"open","sticky":false,"template":"","format":"standard","meta":{"footnotes":""},"categories":[10964,10965,10966,11010,10968,10976,10969,10898,10948,10963,10894,10904,10912,10903,10970,10971,10972,10896,10897],"tags":[11390],"class_list":{"0":"post-90111","1":"post","2":"type-post","3":"status-publish","4":"format-standard","5":"has-post-thumbnail","7":"category-anna-ca","8":"category-bicorp-ca","9":"category-bolbaite-ca","10":"category-canal-salud","11":"category-chella-ca","12":"category-dos-aguas-ca","13":"category-enguera-ca","14":"category-ventana-ca","15":"category-infraestructuras-ca","16":"category-la-canal-de-navarres-ca","17":"category-la-comarca-ca","18":"category-sin-categorizar-ca","19":"category-la-hoya-ca","20":"category-medio-ambiente-la-comarca-ca","21":"category-millares-ca","22":"category-navarres-ca","23":"category-quesa-ca","24":"category-seccion-ca","25":"category-sucesos-la-comarca-ca","26":"tag-sanitat-ca"},"_links":{"self":[{"href":"https:\/\/www.tucomarca.com\/wordpress\/segunda\/ca\/wp-json\/wp\/v2\/posts\/90111","targetHints":{"allow":["GET"]}}],"collection":[{"href":"https:\/\/www.tucomarca.com\/wordpress\/segunda\/ca\/wp-json\/wp\/v2\/posts"}],"about":[{"href":"https:\/\/www.tucomarca.com\/wordpress\/segunda\/ca\/wp-json\/wp\/v2\/types\/post"}],"author":[{"embeddable":true,"href":"https:\/\/www.tucomarca.com\/wordpress\/segunda\/ca\/wp-json\/wp\/v2\/users\/1"}],"replies":[{"embeddable":true,"href":"https:\/\/www.tucomarca.com\/wordpress\/segunda\/ca\/wp-json\/wp\/v2\/comments?post=90111"}],"version-history":[{"count":0,"href":"https:\/\/www.tucomarca.com\/wordpress\/segunda\/ca\/wp-json\/wp\/v2\/posts\/90111\/revisions"}],"wp:featuredmedia":[{"embeddable":true,"href":"https:\/\/www.tucomarca.com\/wordpress\/segunda\/ca\/wp-json\/wp\/v2\/media\/71049"}],"wp:attachment":[{"href":"https:\/\/www.tucomarca.com\/wordpress\/segunda\/ca\/wp-json\/wp\/v2\/media?parent=90111"}],"wp:term":[{"taxonomy":"category","embeddable":true,"href":"https:\/\/www.tucomarca.com\/wordpress\/segunda\/ca\/wp-json\/wp\/v2\/categories?post=90111"},{"taxonomy":"post_tag","embeddable":true,"href":"https:\/\/www.tucomarca.com\/wordpress\/segunda\/ca\/wp-json\/wp\/v2\/tags?post=90111"}],"curies":[{"name":"wp","href":"https:\/\/api.w.org\/{rel}","templated":true}]}}