{"id":90148,"date":"2019-08-06T14:49:56","date_gmt":"2019-08-06T12:49:56","guid":{"rendered":"http:\/\/www.tucomarca.com\/wordpress\/segunda\/?p=90148"},"modified":"2019-08-06T14:49:56","modified_gmt":"2019-08-06T12:49:56","slug":"el-camp-municipal-de-futbol-dutiel-estrena-gespa-artificial","status":"publish","type":"post","link":"https:\/\/www.tucomarca.com\/wordpress\/segunda\/ca\/el-camp-municipal-de-futbol-dutiel-estrena-gespa-artificial\/","title":{"rendered":"El camp municipal de futbol d&#8217;Utiel estrena gespa artificial"},"content":{"rendered":"<div class=\"page\" title=\"Page 1\">\n<div class=\"layoutArea\">\n<div class=\"column\">\n<figure id=\"attachment_90142\" aria-describedby=\"caption-attachment-90142\" style=\"width: 484px\" class=\"wp-caption alignleft\"><img loading=\"lazy\" decoding=\"async\" class=\" wp-image-90142\" src=\"http:\/\/www.tucomarca.com\/wordpress\/segunda\/wp-content\/uploads\/2019\/08\/CespedartificialcampoLaCeladilla.jpg\" alt=\"El campo municipal \u201cLa Celadilla\u201d renueva el c\u00e9sped artificial y los ca\u00f1ones de riego.\" width=\"484\" height=\"363\" srcset=\"https:\/\/www.tucomarca.com\/wordpress\/segunda\/wp-content\/uploads\/2019\/08\/CespedartificialcampoLaCeladilla.jpg 4160w, https:\/\/www.tucomarca.com\/wordpress\/segunda\/wp-content\/uploads\/2019\/08\/CespedartificialcampoLaCeladilla-300x225.jpg 300w, https:\/\/www.tucomarca.com\/wordpress\/segunda\/wp-content\/uploads\/2019\/08\/CespedartificialcampoLaCeladilla-768x576.jpg 768w, https:\/\/www.tucomarca.com\/wordpress\/segunda\/wp-content\/uploads\/2019\/08\/CespedartificialcampoLaCeladilla-1024x768.jpg 1024w\" sizes=\"auto, (max-width: 484px) 100vw, 484px\" \/><figcaption id=\"caption-attachment-90142\" class=\"wp-caption-text\">El camp municipal &#8220;La Celadilla&#8221; renova la gespa artificial i els canons de reg.<\/figcaption><\/figure>\n<p>Utiel compta amb camp de futbol renovat despr\u00e9s de la substituci\u00f3 de la gespa artificial i dels canons de reg d&#8217;aquesta instal\u00b7laci\u00f3 esportiva que mantindran en perfecte estat el camp de joc.<\/p>\n<p>En concret, la intervenci\u00f3 ha suposat la substituci\u00f3 de la gespa antic del camp de futbol municipal per una gespa artificial que reun\u00eds les condicions \u00f2ptimes per a aquesta pr\u00e0ctica esportiva.<\/p>\n<p>L&#8217;any 2017 es reacondicion\u00f3 la gespa amb la retirada de diverses tones de cautx\u00fa, el raspallat per anivellar el farciment del terreny i la neteja i el bufat perimetral. No obstant aix\u00f2, l&#8217;\u00fas continuat d&#8217;aquesta instal\u00b7laci\u00f3 esportiva i el conseg\u00fcent deteriorament de la gespa ha portat finalment a la substituci\u00f3 integral del camp de joc.<\/p>\n<p>L&#8217;obra de substituci\u00f3 ha consistit en l&#8217;extracci\u00f3 de la gespa antic mitjan\u00e7ant maquin\u00e0ria especialitzada, l&#8217;enrotllat de la gespa, la separaci\u00f3 del farcit i la neteja de canaletes. Finalment, s&#8217;ha procedit a la col\u00b7locaci\u00f3 de la nova gespa amb la reutilitzaci\u00f3 de l&#8217;farcit extret. A aquesta actuaci\u00f3 cal sumar la substituci\u00f3 dels canons de reg del camp de futbol.<\/p>\n<p>L&#8217;adequaci\u00f3 d&#8217;aquesta instal\u00b7laci\u00f3 millorar\u00e0 substancialment la pr\u00e0ctica esportiva dels prop de 200 joves futbolistes de l&#8217;Escola de Futbol Base d&#8217;Utiel i del Club Esportiu Utiel que entrenen setmanalment al camp de futbol &#8220;La Celadilla&#8221;<\/p>\n<p>A aquesta intervenci\u00f3 en el propi camp de futbol, \u200b\u200bcal sumar l&#8217;adequaci\u00f3 del cam\u00ed de &#8220;La Celadilla&#8221;, recentment asfaltat. Amb aquesta actuaci\u00f3, a m\u00e9s de millorar notablement la circulaci\u00f3 per aquest transitat cam\u00ed, es facilita l&#8217;acc\u00e9s al recinte i s&#8217;eliminen els problemes de brut\u00edcia que generava la polseguera de l&#8217;anterior cam\u00ed de terra a la gespa artificial.<\/p>\n<p>El camp de futbol &#8216;La Celadilla&#8217; es va inaugurar el 6 de setembre de 1986 i compta amb instal\u00b7laci\u00f3 de gespa artificial des de fa m\u00e9s de 10 anys.<\/p>\n<\/div>\n<\/div>\n<\/div>\n","protected":false},"excerpt":{"rendered":"<div class=\"mh-excerpt\">Utiel compta amb camp de futbol renovat despr\u00e9s de la substituci\u00f3 de la gespa artificial i dels canons de reg d&#8217;aquesta instal\u00b7laci\u00f3 esportiva que mantindran en perfecte estat el camp de joc. En concret, la <a class=\"mh-excerpt-more\" href=\"https:\/\/www.tucomarca.com\/wordpress\/segunda\/ca\/el-camp-municipal-de-futbol-dutiel-estrena-gespa-artificial\/\" title=\"El camp municipal de futbol d&#8217;Utiel estrena gespa artificial\">[+] <\/a><\/div>\n","protected":false},"author":1,"featured_media":90143,"comment_status":"open","ping_status":"open","sticky":false,"template":"","format":"standard","meta":{"footnotes":""},"categories":[11015,11003,10898,10948,10894,10909,10896,11059],"tags":[10910,11174],"class_list":{"0":"post-90148","1":"post","2":"type-post","3":"status-publish","4":"format-standard","5":"has-post-thumbnail","7":"category-canal-futbol","8":"category-sports","9":"category-ventana-ca","10":"category-infraestructuras-ca","11":"category-la-comarca-ca","12":"category-requena-utiel-ca","13":"category-seccion-ca","14":"category-utiel-ca","15":"tag-requena-utiel-ca","16":"tag-utiel-ca"},"_links":{"self":[{"href":"https:\/\/www.tucomarca.com\/wordpress\/segunda\/ca\/wp-json\/wp\/v2\/posts\/90148","targetHints":{"allow":["GET"]}}],"collection":[{"href":"https:\/\/www.tucomarca.com\/wordpress\/segunda\/ca\/wp-json\/wp\/v2\/posts"}],"about":[{"href":"https:\/\/www.tucomarca.com\/wordpress\/segunda\/ca\/wp-json\/wp\/v2\/types\/post"}],"author":[{"embeddable":true,"href":"https:\/\/www.tucomarca.com\/wordpress\/segunda\/ca\/wp-json\/wp\/v2\/users\/1"}],"replies":[{"embeddable":true,"href":"https:\/\/www.tucomarca.com\/wordpress\/segunda\/ca\/wp-json\/wp\/v2\/comments?post=90148"}],"version-history":[{"count":0,"href":"https:\/\/www.tucomarca.com\/wordpress\/segunda\/ca\/wp-json\/wp\/v2\/posts\/90148\/revisions"}],"wp:featuredmedia":[{"embeddable":true,"href":"https:\/\/www.tucomarca.com\/wordpress\/segunda\/ca\/wp-json\/wp\/v2\/media\/90143"}],"wp:attachment":[{"href":"https:\/\/www.tucomarca.com\/wordpress\/segunda\/ca\/wp-json\/wp\/v2\/media?parent=90148"}],"wp:term":[{"taxonomy":"category","embeddable":true,"href":"https:\/\/www.tucomarca.com\/wordpress\/segunda\/ca\/wp-json\/wp\/v2\/categories?post=90148"},{"taxonomy":"post_tag","embeddable":true,"href":"https:\/\/www.tucomarca.com\/wordpress\/segunda\/ca\/wp-json\/wp\/v2\/tags?post=90148"}],"curies":[{"name":"wp","href":"https:\/\/api.w.org\/{rel}","templated":true}]}}