{"id":90195,"date":"2019-08-06T14:14:10","date_gmt":"2019-08-06T12:14:10","guid":{"rendered":"http:\/\/www.tucomarca.com\/wordpress\/segunda\/?p=90195"},"modified":"2019-08-06T14:14:10","modified_gmt":"2019-08-06T12:14:10","slug":"es-compleix-un-any-de-la-creacio-del-carnet-dambaixador-del-municipi-de-requena","status":"publish","type":"post","link":"https:\/\/www.tucomarca.com\/wordpress\/segunda\/ca\/es-compleix-un-any-de-la-creacio-del-carnet-dambaixador-del-municipi-de-requena\/","title":{"rendered":"Es compleix un any de la creaci\u00f3 del Carnet d&#8217;Ambaixador del municipi de Requena"},"content":{"rendered":"<figure id=\"attachment_62494\" aria-describedby=\"caption-attachment-62494\" style=\"width: 627px\" class=\"wp-caption alignnone\"><img loading=\"lazy\" decoding=\"async\" class=\" wp-image-62494\" src=\"http:\/\/www.tucomarca.com\/wordpress\/segunda\/wp-content\/uploads\/2017\/11\/requenapano2.jpg\" alt=\"El Colectivo de Requena de EUPV, inicia el calendario de primarias para la elecci\u00f3n del candidato\/a a la alcald\u00eda de Requena, para las Elecciones Locales de mayo del 2019.\" width=\"627\" height=\"417\" srcset=\"https:\/\/www.tucomarca.com\/wordpress\/segunda\/wp-content\/uploads\/2017\/11\/requenapano2.jpg 960w, https:\/\/www.tucomarca.com\/wordpress\/segunda\/wp-content\/uploads\/2017\/11\/requenapano2-300x199.jpg 300w, https:\/\/www.tucomarca.com\/wordpress\/segunda\/wp-content\/uploads\/2017\/11\/requenapano2-768x510.jpg 768w\" sizes=\"auto, (max-width: 627px) 100vw, 627px\" \/><figcaption id=\"caption-attachment-62494\" class=\"wp-caption-text\">Accedeix gratis a les instal\u00b7lacions municipals com a ambaixador de Requena<\/figcaption><\/figure>\n<p>Des de l&#8217;Ajuntament de Requena es va iniciar a l&#8217;agost de 2018 el projecte de creaci\u00f3 del Carnet d&#8217;Ambaixador, amb l&#8217;objectiu que les persones empadronades al municipi puguin accedir de manera gratu\u00efta a les instal\u00b7lacions municipals del mateix i gaudir del seu ampli patrimoni cultural, promovent aix\u00ed el turisme.<\/p>\n<p>La sol\u00b7licitud del carnet s&#8217;ha de realitzar de manera presencial a l&#8217;Oficina de Turisme. Per a aix\u00f2 no cal m\u00e9s que estar empadronat a Requena i presentar el DNI.<\/p>\n<p>L&#8217;expedici\u00f3 \u00e9s instant\u00e0nia i no t\u00e9 cap cost.<\/p>\n<p>El termini per sol\u00b7licitar el carnet est\u00e0 obert permanentment.<\/p>\n<p>La possessi\u00f3 del carnet, personal i intransferible, d\u00f3na dret a l&#8217;acc\u00e9s gratu\u00eft -en el seu horari d&#8217;obertura, sempre que no se celebri una exposici\u00f3 o esdeveniment especialment a les seg\u00fcents instal\u00b7lacions municipals: Coves de la Vila, Torre de l&#8217;Homenatge, Temple de Sant Nicolau, Museu d&#8217;Art Contemporani &#8220;Florencio de la Font&#8221;, Museu del Vi, Palau del Cid, Museu Municipal, T\u00fanels de la Vila, Esgl\u00e9sia de Santa Maria.<\/p>\n<p>Per fer \u00fas del Carnet d&#8217;Ambaixador, s&#8217;ha de presentar acompanyat del DNI del titular en el moment d&#8217;accedir a les instal\u00b7lacions. La seva validesa i durada s\u00f3n indefinides, i el titular del mateix \u00e9s el responsable de la seva correcta utilitzaci\u00f3.<\/p>\n<p>L&#8217;expedici\u00f3 del carnet suposa el coneixement i l&#8217;acceptaci\u00f3 de les normes recollides en el reglament que regula la concessi\u00f3 del Carnet d&#8217;Ambaixador per l&#8217;Ajuntament de Requena.<\/p>\n","protected":false},"excerpt":{"rendered":"<div class=\"mh-excerpt\">Des de l&#8217;Ajuntament de Requena es va iniciar a l&#8217;agost de 2018 el projecte de creaci\u00f3 del Carnet d&#8217;Ambaixador, amb l&#8217;objectiu que les persones empadronades al municipi puguin accedir de manera gratu\u00efta a les instal\u00b7lacions <a class=\"mh-excerpt-more\" href=\"https:\/\/www.tucomarca.com\/wordpress\/segunda\/ca\/es-compleix-un-any-de-la-creacio-del-carnet-dambaixador-del-municipi-de-requena\/\" title=\"Es compleix un any de la creaci\u00f3 del Carnet d&#8217;Ambaixador del municipi de Requena\">[+] <\/a><\/div>\n","protected":false},"author":1,"featured_media":71783,"comment_status":"open","ping_status":"open","sticky":false,"template":"","format":"standard","meta":{"footnotes":""},"categories":[10894,10904,10908,10909,10896],"tags":[11099,10910],"class_list":{"0":"post-90195","1":"post","2":"type-post","3":"status-publish","4":"format-standard","5":"has-post-thumbnail","7":"category-la-comarca-ca","8":"category-sin-categorizar-ca","9":"category-requena-ca","10":"category-requena-utiel-ca","11":"category-seccion-ca","12":"tag-requena-ca","13":"tag-requena-utiel-ca"},"_links":{"self":[{"href":"https:\/\/www.tucomarca.com\/wordpress\/segunda\/ca\/wp-json\/wp\/v2\/posts\/90195","targetHints":{"allow":["GET"]}}],"collection":[{"href":"https:\/\/www.tucomarca.com\/wordpress\/segunda\/ca\/wp-json\/wp\/v2\/posts"}],"about":[{"href":"https:\/\/www.tucomarca.com\/wordpress\/segunda\/ca\/wp-json\/wp\/v2\/types\/post"}],"author":[{"embeddable":true,"href":"https:\/\/www.tucomarca.com\/wordpress\/segunda\/ca\/wp-json\/wp\/v2\/users\/1"}],"replies":[{"embeddable":true,"href":"https:\/\/www.tucomarca.com\/wordpress\/segunda\/ca\/wp-json\/wp\/v2\/comments?post=90195"}],"version-history":[{"count":0,"href":"https:\/\/www.tucomarca.com\/wordpress\/segunda\/ca\/wp-json\/wp\/v2\/posts\/90195\/revisions"}],"wp:featuredmedia":[{"embeddable":true,"href":"https:\/\/www.tucomarca.com\/wordpress\/segunda\/ca\/wp-json\/wp\/v2\/media\/71783"}],"wp:attachment":[{"href":"https:\/\/www.tucomarca.com\/wordpress\/segunda\/ca\/wp-json\/wp\/v2\/media?parent=90195"}],"wp:term":[{"taxonomy":"category","embeddable":true,"href":"https:\/\/www.tucomarca.com\/wordpress\/segunda\/ca\/wp-json\/wp\/v2\/categories?post=90195"},{"taxonomy":"post_tag","embeddable":true,"href":"https:\/\/www.tucomarca.com\/wordpress\/segunda\/ca\/wp-json\/wp\/v2\/tags?post=90195"}],"curies":[{"name":"wp","href":"https:\/\/api.w.org\/{rel}","templated":true}]}}