{"id":90257,"date":"2019-08-07T10:13:23","date_gmt":"2019-08-07T08:13:23","guid":{"rendered":"http:\/\/www.tucomarca.com\/wordpress\/segunda\/?p=90257"},"modified":"2019-08-07T10:13:23","modified_gmt":"2019-08-07T08:13:23","slug":"sanitat-activa-lalerta-per-calor-alt-en-deu-comarques-de-la-comunitat-valenciana","status":"publish","type":"post","link":"https:\/\/www.tucomarca.com\/wordpress\/segunda\/ca\/sanitat-activa-lalerta-per-calor-alt-en-deu-comarques-de-la-comunitat-valenciana\/","title":{"rendered":"Sanitat activa l&#8217;alerta per calor alt en deu comarques de la Comunitat Valenciana"},"content":{"rendered":"<p>La Conselleria de Sanitat Universal i Salut P\u00fablica, segons les prediccions del Centre d&#8217;Estudis Ambientals del Mediterrani CEAM, ha activat per a aquest dimecres l&#8217;alerta sanit\u00e0ria per nivell taronja (temperatures que podrien superar els 39 graus) en deu comarques de la Comunitat Valenciana. Aix\u00ed mateix, la previsi\u00f3 per dem\u00e0 \u00e9s que es mantingui l&#8217;alerta en algunes d&#8217;aquestes comarques.<\/p>\n<p>Les zones climatol\u00f2giques en alerta per calor s\u00f3n la 13, 14, 17, 18 i 19, que corresponen a les comarques de la Ribera Alta, la Ribera Baixa, la Regi\u00f3 muntanyenca, la Foia de Bunyol, l&#8217;Horta Nord, l&#8217;Horta Sud , El Camp de T\u00faria, la Canal de Navarr\u00e9s, la Costera i la Vall d&#8217;Albaida.<\/p>\n<p>Les poblacions que corresponen a la zona climatol\u00f2gica 13 s\u00f3n Tur\u00eds, Bugarra, Montroi, Chiva, Alborache, Bunyol, Xest, Xestalgar, Godelleta, Macastre, Montserrat, Pedralba, Real i Y\u00e1tova.<\/p>\n<p>Les municipis que corresponen a la zona climatol\u00f2gica 14 s\u00f3n Alzira, Sueca, Val\u00e8ncia, Carcaixent, Benimodo, Alberic, Guadassuar, Poliny\u00e0 de X\u00faquer, Cullera, Alginet, Almussafes, Silla, Picanya, Paiporta, Manises, Moncada, Alaqu\u00e0s, Albal, Albalat de la Ribera, Albalat dels Sorells, Alboraia, Albuixech, Alc\u00e0sser, Aldaia, Alfafar, Alfara del Patriarca, Alfarp, Algemes\u00ed, Alm\u00e0ssera, Benet\u00fasser, Benicull de X\u00faquer, Benifai\u00f3, Benimuslem, Beniparrell, Bonrep\u00f2s i Mirambell, Burjassot, Carlet, Catadau, Catarroja , Corbera, al Puig de Santa Maria, Emperador, Favara, Foios, Fortaleny, Godella, la Pobla de Farnals, l&#8217;Alc\u00fadia, Llaur\u00ed, Llocnou de la Corona, Llombai, Loriguilla, Massalav\u00e9s, Massalfassar, Massamagrell, Massanassa, Meliana, Mislata , Museros, Paterna, Picassent, Pu\u00e7ol, Quart de Poblet, Rafelbunyol, Riola, Rocafort, Sedav\u00ed, Sollana, Tavernes Blanques, Torrent, Tous, Vinalesa i Xirivella.<\/p>\n<p>Per la seva banda, les poblacions que corresponen a la zona climatol\u00f2gica 17 s\u00f3n Enguera, Bicorp, Bolbaite, Anna, Xella, Dosaig\u00fces, Millars, Navarr\u00e9s i Quesa.<\/p>\n<p>Les municipis que corresponen a la zona climatol\u00f2gica 18 s\u00f3n Antella, Barxeta, X\u00e0tiva, Sumac\u00e0rcer, Cotes, Castell\u00f3 de la Ribera, Alc\u00e0ntera de X\u00faquer, Beneixida, Canals, C\u00e0rcer, Cerd\u00e0, Estubeny, Gavarda, Genov\u00e9s, la Granja de la Costera, la Llosa de Ranes, la Pobla Llarga, l&#8217;Alc\u00fadia de Crespins, l&#8217;\u00c8nova, Llanera de Ranes, Llocnou d&#8217;En Fenollet, Manuel, Novetl\u00e8, Rafelguaraf, Rotgl\u00e0 i Corber\u00e0, Sant Joanet, Sellent, Senyera, Torrella i Vall\u00e9s.<\/p>\n<p>Pel que fa a les poblacions que corresponen a la zona climatol\u00f2gica 19, s\u00f3n Ontinyent, Beniatjar, Carr\u00edcola, Llutxent, la Pobla del Duc, Moixent, Vallada, Agullent, Aielo de Malferit, Aielo de Rugat, Albaida, Alfarras\u00ed, Atzeneta d&#8217;Albaida, B\u00e8lgida, Bell\u00fas, Benicolet, Benig\u00e0nim, Benissoda, Benissuera, Bufali, Castell\u00f3 de Rugat, el Palomar, Guadass\u00e9quies, l&#8217;Olleria, Montaverner, Montesa, Montitxelvo, Otos, Pinet, Quatretonda, R\u00e0fol de Salem, Rugat, Salem, Sempere i Terrateig .<\/p>\n<p><strong>Recomanacions davant la calor<\/strong><\/p>\n<p>Aquest augment de temperatures ha provocat que s&#8217;activi el protocol per advertir a la poblaci\u00f3 sobre els riscos que pot ocasionar aquesta situaci\u00f3. Les indicacions estan dirigides especialment als col\u00b7lectius m\u00e9s vulnerables a la calor: la gent gran, les persones amb malalties cr\u00f2niques, els que treballen exposats a altes temperatures, aix\u00ed com nens i nenes.<\/p>\n<p>Es recomana evitar sortir al carrer en les hores m\u00e9s caloroses del dia, utilitzar roba ampla, lleugera i de colors clars i protegir el cap amb una gorra o barret. A la llar s&#8217;aconsella tancar les persianes i baixar els tendals a les fa\u00e7anes exposades al sol, a m\u00e9s de situar-se en les zones m\u00e9s fresques de la casa.<\/p>\n<p>Finalment, s&#8217;insta la poblaci\u00f3 a beure aigua amb freq\u00fc\u00e8ncia, encara que no es tingui set; evitar l&#8217;exc\u00e9s d&#8217;alcohol i les begudes amb molta cafe\u00efna; i substituir els menjars abundants i calents per plats freds, fruites i verdures fresques.<\/p>\n<p>La ciutadania pot consultar m\u00e9s informaci\u00f3 i recomanacions per protegir la salut en cas de temperatures extremes a la p\u00e0gina web de la Conselleria de Sanitat Universal i Salut P\u00fablica.<\/p>\n<p><strong>Alertes sobre els nivells de calor<\/strong><\/p>\n<p>Des del CEAM di\u00e0riament s&#8217;estableix un mapa en qu\u00e8 es registra el risc previst durant tres dies consecutius en les 28 zones termoclim\u00e1ticas que hi ha establertes a la Comunitat Valenciana. En aquest mapa s&#8217;indica el nivell verd, groc, taronja o vermell (normal, moderat, alt i extrem) que marca un seguit d&#8217;actuacions i intervencions per part de Sanitat en funci\u00f3 del risc.<\/p>\n<p>Per establir un av\u00eds d&#8217;intervenci\u00f3 en salut p\u00fablica, s&#8217;ha de detectar un nivell de risc alt o extrem almenys dos dies consecutius. En aquest cas, des de la Conselleria de Sanitat Universal i Salut P\u00fablica s&#8217;alerta sobre el risc de temperatures elevades i s&#8217;ofereixen consells i s&#8217;expliquen les mesures preventives que cal adoptar.<\/p>\n","protected":false},"excerpt":{"rendered":"<div class=\"mh-excerpt\">La Conselleria de Sanitat Universal i Salut P\u00fablica, segons les prediccions del Centre d&#8217;Estudis Ambientals del Mediterrani CEAM, ha activat per a aquest dimecres l&#8217;alerta sanit\u00e0ria per nivell taronja (temperatures que podrien superar els 39 <a class=\"mh-excerpt-more\" href=\"https:\/\/www.tucomarca.com\/wordpress\/segunda\/ca\/sanitat-activa-lalerta-per-calor-alt-en-deu-comarques-de-la-comunitat-valenciana\/\" title=\"Sanitat activa l&#8217;alerta per calor alt en deu comarques de la Comunitat Valenciana\">[+] <\/a><\/div>\n","protected":false},"author":1,"featured_media":90256,"comment_status":"open","ping_status":"open","sticky":false,"template":"","format":"standard","meta":{"footnotes":""},"categories":[10889,10964,10988,10965,10892,11010,10990,10991,10968,10976,10969,10898,10977,10995,10963,10894,10904,10912,10902,10997,10931,10999,10903,10970,10972,10896],"tags":[11338,11390],"class_list":{"0":"post-90257","1":"post","2":"type-post","3":"status-publish","4":"format-standard","5":"has-post-thumbnail","7":"category-alzira-cat","8":"category-anna-ca","9":"category-benimodo-ca","10":"category-bicorp-ca","11":"category-camp-de-turia-ca","12":"category-canal-salud","13":"category-carlet-ca","14":"category-catadau-ca","15":"category-chella-ca","16":"category-dos-aguas-ca","17":"category-enguera-ca","18":"category-ventana-ca","19":"category-godelleta-ca","20":"category-lalcudia-ca","21":"category-la-canal-de-navarres-ca","22":"category-la-comarca-ca","23":"category-sin-categorizar-ca","24":"category-la-hoya-ca","25":"category-la-ribera-ca","26":"category-llombai-ca","27":"category-loriguilla-ca","28":"category-masalaves-ca","29":"category-medio-ambiente-la-comarca-ca","30":"category-millares-ca","31":"category-quesa-ca","32":"category-seccion-ca","33":"tag-sanidad-ca","34":"tag-sanitat-ca"},"_links":{"self":[{"href":"https:\/\/www.tucomarca.com\/wordpress\/segunda\/ca\/wp-json\/wp\/v2\/posts\/90257","targetHints":{"allow":["GET"]}}],"collection":[{"href":"https:\/\/www.tucomarca.com\/wordpress\/segunda\/ca\/wp-json\/wp\/v2\/posts"}],"about":[{"href":"https:\/\/www.tucomarca.com\/wordpress\/segunda\/ca\/wp-json\/wp\/v2\/types\/post"}],"author":[{"embeddable":true,"href":"https:\/\/www.tucomarca.com\/wordpress\/segunda\/ca\/wp-json\/wp\/v2\/users\/1"}],"replies":[{"embeddable":true,"href":"https:\/\/www.tucomarca.com\/wordpress\/segunda\/ca\/wp-json\/wp\/v2\/comments?post=90257"}],"version-history":[{"count":0,"href":"https:\/\/www.tucomarca.com\/wordpress\/segunda\/ca\/wp-json\/wp\/v2\/posts\/90257\/revisions"}],"wp:featuredmedia":[{"embeddable":true,"href":"https:\/\/www.tucomarca.com\/wordpress\/segunda\/ca\/wp-json\/wp\/v2\/media\/90256"}],"wp:attachment":[{"href":"https:\/\/www.tucomarca.com\/wordpress\/segunda\/ca\/wp-json\/wp\/v2\/media?parent=90257"}],"wp:term":[{"taxonomy":"category","embeddable":true,"href":"https:\/\/www.tucomarca.com\/wordpress\/segunda\/ca\/wp-json\/wp\/v2\/categories?post=90257"},{"taxonomy":"post_tag","embeddable":true,"href":"https:\/\/www.tucomarca.com\/wordpress\/segunda\/ca\/wp-json\/wp\/v2\/tags?post=90257"}],"curies":[{"name":"wp","href":"https:\/\/api.w.org\/{rel}","templated":true}]}}