{"id":90387,"date":"2019-08-09T15:24:19","date_gmt":"2019-08-09T13:24:19","guid":{"rendered":"http:\/\/www.tucomarca.com\/wordpress\/segunda\/?p=90387"},"modified":"2019-08-09T15:24:19","modified_gmt":"2019-08-09T13:24:19","slug":"nova-edicio-de-la-gala-de-lesport-de-requena-aquest-diumenge-11-de-agost","status":"publish","type":"post","link":"https:\/\/www.tucomarca.com\/wordpress\/segunda\/ca\/nova-edicio-de-la-gala-de-lesport-de-requena-aquest-diumenge-11-de-agost\/","title":{"rendered":"Nova edici\u00f3 de La Gala de l&#8217;Esport de Requena aquest diumenge, 11 de agost"},"content":{"rendered":"<p>Com ja \u00e9s habitual any rere any la Regidoria d&#8217;Esports de l&#8217;Ajuntament de Requena organitza aquest esdeveniment, per tal de donar a con\u00e8ixer l&#8217;esfor\u00e7 de totes les persones i entitats que formen part de l&#8217;\u00e0mbit esportiu en la nostra localitat i, especialment, als esportistes i clubs requenenses m\u00e9s destacats d&#8217;aquesta temporada en les diferents modalitats i disciplines esportives que es practiquen en el nostre municipi.<\/p>\n<p>En aquesta ocasi\u00f3, la Gala es celebrar\u00e0 el diumenge 11 d&#8217;agost al Teatre Principal de Requena.<\/p>\n<p>M\u00e9s concretament, a les 19:30 hores est\u00e0 prevista la recepci\u00f3 dels convidats, per donar comen\u00e7ament a l&#8217;acte a les 20:00 hores.<\/p>\n<p>Durant el desenvolupament de la Gala es lliuraran m\u00e9s de 70 premis entre esportistes, entitats i clubs.<\/p>\n<p>Els premis es repartiran al llarg de tot l&#8217;esdeveniment, comen\u00e7ant amb els alumnes que formen part de les diferents Escoles Esportives Municipals, a continuaci\u00f3 els premis per als equips de la localitat, despr\u00e9s els esportistes individuals, seguint amb els esportistes requenenses m\u00e9s destacats i excel\u00b7lents del 2019 i per finalitzar els premis especials que en el present exercici compten amb un total d&#8217;11 guardonats.<\/p>\n<p>Finalment, la Regidoria d&#8217;Esports de Requena i l&#8217;Organitzaci\u00f3 de la Gala han volgut agrair la col\u00b7laboraci\u00f3 de tots els patrocinadors que fan possible la seva realitzaci\u00f3 un any m\u00e9s, ja que sense ells aquest esdeveniment no podria dur-se a terme.<\/p>\n","protected":false},"excerpt":{"rendered":"<div class=\"mh-excerpt\">Com ja \u00e9s habitual any rere any la Regidoria d&#8217;Esports de l&#8217;Ajuntament de Requena organitza aquest esdeveniment, per tal de donar a con\u00e8ixer l&#8217;esfor\u00e7 de totes les persones i entitats que formen part de l&#8217;\u00e0mbit <a class=\"mh-excerpt-more\" href=\"https:\/\/www.tucomarca.com\/wordpress\/segunda\/ca\/nova-edicio-de-la-gala-de-lesport-de-requena-aquest-diumenge-11-de-agost\/\" title=\"Nova edici\u00f3 de La Gala de l&#8217;Esport de Requena aquest diumenge, 11 de agost\">[+] <\/a><\/div>\n","protected":false},"author":1,"featured_media":90385,"comment_status":"open","ping_status":"open","sticky":false,"template":"","format":"standard","meta":{"footnotes":""},"categories":[11019,11003,11009,10908,10909,10896],"tags":[11099,10910],"class_list":{"0":"post-90387","1":"post","2":"type-post","3":"status-publish","4":"format-standard","5":"has-post-thumbnail","7":"category-agenda-ca","8":"category-sports","9":"category-polideportivo-ca","10":"category-requena-ca","11":"category-requena-utiel-ca","12":"category-seccion-ca","13":"tag-requena-ca","14":"tag-requena-utiel-ca"},"_links":{"self":[{"href":"https:\/\/www.tucomarca.com\/wordpress\/segunda\/ca\/wp-json\/wp\/v2\/posts\/90387","targetHints":{"allow":["GET"]}}],"collection":[{"href":"https:\/\/www.tucomarca.com\/wordpress\/segunda\/ca\/wp-json\/wp\/v2\/posts"}],"about":[{"href":"https:\/\/www.tucomarca.com\/wordpress\/segunda\/ca\/wp-json\/wp\/v2\/types\/post"}],"author":[{"embeddable":true,"href":"https:\/\/www.tucomarca.com\/wordpress\/segunda\/ca\/wp-json\/wp\/v2\/users\/1"}],"replies":[{"embeddable":true,"href":"https:\/\/www.tucomarca.com\/wordpress\/segunda\/ca\/wp-json\/wp\/v2\/comments?post=90387"}],"version-history":[{"count":0,"href":"https:\/\/www.tucomarca.com\/wordpress\/segunda\/ca\/wp-json\/wp\/v2\/posts\/90387\/revisions"}],"wp:featuredmedia":[{"embeddable":true,"href":"https:\/\/www.tucomarca.com\/wordpress\/segunda\/ca\/wp-json\/wp\/v2\/media\/90385"}],"wp:attachment":[{"href":"https:\/\/www.tucomarca.com\/wordpress\/segunda\/ca\/wp-json\/wp\/v2\/media?parent=90387"}],"wp:term":[{"taxonomy":"category","embeddable":true,"href":"https:\/\/www.tucomarca.com\/wordpress\/segunda\/ca\/wp-json\/wp\/v2\/categories?post=90387"},{"taxonomy":"post_tag","embeddable":true,"href":"https:\/\/www.tucomarca.com\/wordpress\/segunda\/ca\/wp-json\/wp\/v2\/tags?post=90387"}],"curies":[{"name":"wp","href":"https:\/\/api.w.org\/{rel}","templated":true}]}}