{"id":90573,"date":"2019-08-12T10:55:33","date_gmt":"2019-08-12T08:55:33","guid":{"rendered":"http:\/\/www.tucomarca.com\/wordpress\/segunda\/?p=90573"},"modified":"2019-08-12T10:55:33","modified_gmt":"2019-08-12T08:55:33","slug":"el-grup-valencia-seguretat-social-protagonitzara-el-concert-estel%c2%b7lar-de-la-fira-i-festes-2019-de-bunyol","status":"publish","type":"post","link":"https:\/\/www.tucomarca.com\/wordpress\/segunda\/ca\/el-grup-valencia-seguretat-social-protagonitzara-el-concert-estel%c2%b7lar-de-la-fira-i-festes-2019-de-bunyol\/","title":{"rendered":"El grup valenci\u00e0 Seguretat Social protagonitzar\u00e0 el concert estel\u00b7lar de la Fira i Festes 2019 de Bunyol"},"content":{"rendered":"<figure id=\"attachment_90570\" aria-describedby=\"caption-attachment-90570\" style=\"width: 378px\" class=\"wp-caption alignleft\"><img loading=\"lazy\" decoding=\"async\" class=\" wp-image-90570\" src=\"http:\/\/www.tucomarca.com\/wordpress\/segunda\/wp-content\/uploads\/2019\/08\/segsocial.jpg\" alt=\"El grupo Seguridad Social actuar\u00e1 el d\u00eda 28 de agosto en Bu\u00f1ol.\" width=\"378\" height=\"214\" srcset=\"https:\/\/www.tucomarca.com\/wordpress\/segunda\/wp-content\/uploads\/2019\/08\/segsocial.jpg 1015w, https:\/\/www.tucomarca.com\/wordpress\/segunda\/wp-content\/uploads\/2019\/08\/segsocial-300x170.jpg 300w, https:\/\/www.tucomarca.com\/wordpress\/segunda\/wp-content\/uploads\/2019\/08\/segsocial-768x434.jpg 768w\" sizes=\"auto, (max-width: 378px) 100vw, 378px\" \/><figcaption id=\"caption-attachment-90570\" class=\"wp-caption-text\">El grup Seguretat Social actuar\u00e0 el dia 28 d&#8217;agost a Bu\u00f1ol.<\/figcaption><\/figure>\n<p>El grup valenci\u00e0 que lidera Jos\u00e9 Manuel Casa\u00f1, Seguretat Social, ser\u00e0 el protagonista del concert estel\u00b7lar de la Fira i Festes 2019 de Bunyol que l&#8217;auditori a l&#8217;aire lliure de la localitat acollir\u00e0 el dimecres de la Tomatina, que aquest any cau concretament el dia 28 d&#8217;agost.<\/p>\n<p>A les 21,30 hores est\u00e0 previst que s&#8217;obrin les portes de l&#8217;auditori per al concert.<\/p>\n","protected":false},"excerpt":{"rendered":"<div class=\"mh-excerpt\">El grup valenci\u00e0 que lidera Jos\u00e9 Manuel Casa\u00f1, Seguretat Social, ser\u00e0 el protagonista del concert estel\u00b7lar de la Fira i Festes 2019 de Bunyol que l&#8217;auditori a l&#8217;aire lliure de la localitat acollir\u00e0 el dimecres <a class=\"mh-excerpt-more\" href=\"https:\/\/www.tucomarca.com\/wordpress\/segunda\/ca\/el-grup-valencia-seguretat-social-protagonitzara-el-concert-estel%c2%b7lar-de-la-fira-i-festes-2019-de-bunyol\/\" title=\"El grup valenci\u00e0 Seguretat Social protagonitzar\u00e0 el concert estel\u00b7lar de la Fira i Festes 2019 de Bunyol\">[+] <\/a><\/div>\n","protected":false},"author":1,"featured_media":90571,"comment_status":"open","ping_status":"open","sticky":false,"template":"","format":"standard","meta":{"footnotes":""},"categories":[11019,10911,10904,10912,10896],"tags":[11314,11767],"class_list":{"0":"post-90573","1":"post","2":"type-post","3":"status-publish","4":"format-standard","5":"has-post-thumbnail","7":"category-agenda-ca","8":"category-bunol-ca","9":"category-sin-categorizar-ca","10":"category-la-hoya-ca","11":"category-seccion-ca","12":"tag-bunyol-ca","13":"tag-feria-y-fiestas-2019-ca"},"_links":{"self":[{"href":"https:\/\/www.tucomarca.com\/wordpress\/segunda\/ca\/wp-json\/wp\/v2\/posts\/90573","targetHints":{"allow":["GET"]}}],"collection":[{"href":"https:\/\/www.tucomarca.com\/wordpress\/segunda\/ca\/wp-json\/wp\/v2\/posts"}],"about":[{"href":"https:\/\/www.tucomarca.com\/wordpress\/segunda\/ca\/wp-json\/wp\/v2\/types\/post"}],"author":[{"embeddable":true,"href":"https:\/\/www.tucomarca.com\/wordpress\/segunda\/ca\/wp-json\/wp\/v2\/users\/1"}],"replies":[{"embeddable":true,"href":"https:\/\/www.tucomarca.com\/wordpress\/segunda\/ca\/wp-json\/wp\/v2\/comments?post=90573"}],"version-history":[{"count":0,"href":"https:\/\/www.tucomarca.com\/wordpress\/segunda\/ca\/wp-json\/wp\/v2\/posts\/90573\/revisions"}],"wp:featuredmedia":[{"embeddable":true,"href":"https:\/\/www.tucomarca.com\/wordpress\/segunda\/ca\/wp-json\/wp\/v2\/media\/90571"}],"wp:attachment":[{"href":"https:\/\/www.tucomarca.com\/wordpress\/segunda\/ca\/wp-json\/wp\/v2\/media?parent=90573"}],"wp:term":[{"taxonomy":"category","embeddable":true,"href":"https:\/\/www.tucomarca.com\/wordpress\/segunda\/ca\/wp-json\/wp\/v2\/categories?post=90573"},{"taxonomy":"post_tag","embeddable":true,"href":"https:\/\/www.tucomarca.com\/wordpress\/segunda\/ca\/wp-json\/wp\/v2\/tags?post=90573"}],"curies":[{"name":"wp","href":"https:\/\/api.w.org\/{rel}","templated":true}]}}