{"id":90587,"date":"2019-08-13T10:05:30","date_gmt":"2019-08-13T08:05:30","guid":{"rendered":"http:\/\/www.tucomarca.com\/wordpress\/segunda\/?p=90587"},"modified":"2019-08-13T10:05:30","modified_gmt":"2019-08-13T08:05:30","slug":"art-i-folklore-es-donen-la-ma-en-les-festes-de-turis","status":"publish","type":"post","link":"https:\/\/www.tucomarca.com\/wordpress\/segunda\/ca\/art-i-folklore-es-donen-la-ma-en-les-festes-de-turis\/","title":{"rendered":"Art i folklore es donen la m\u00e0 en les festes de Tur\u00eds"},"content":{"rendered":"<figure id=\"attachment_90584\" aria-describedby=\"caption-attachment-90584\" style=\"width: 510px\" class=\"wp-caption alignleft\"><img loading=\"lazy\" decoding=\"async\" class=\" wp-image-90584\" src=\"http:\/\/www.tucomarca.com\/wordpress\/segunda\/wp-content\/uploads\/2019\/08\/TurisExposiciones.jpg\" alt=\"La oferta expositiva para las fiestas ya est\u00e1 al alcance de todo el mundo en el Teatro Ideal, la Casa Museo y La Mina.\" width=\"510\" height=\"382\" srcset=\"https:\/\/www.tucomarca.com\/wordpress\/segunda\/wp-content\/uploads\/2019\/08\/TurisExposiciones.jpg 4000w, https:\/\/www.tucomarca.com\/wordpress\/segunda\/wp-content\/uploads\/2019\/08\/TurisExposiciones-300x225.jpg 300w, https:\/\/www.tucomarca.com\/wordpress\/segunda\/wp-content\/uploads\/2019\/08\/TurisExposiciones-768x576.jpg 768w, https:\/\/www.tucomarca.com\/wordpress\/segunda\/wp-content\/uploads\/2019\/08\/TurisExposiciones-1024x768.jpg 1024w\" sizes=\"auto, (max-width: 510px) 100vw, 510px\" \/><figcaption id=\"caption-attachment-90584\" class=\"wp-caption-text\">L&#8217;oferta expositiva per a les festes ja est\u00e0 a l&#8217;abast de tot el m\u00f3n al Teatre Ideal, la Casa Museu i La Mina .<\/figcaption><\/figure>\n<p>L&#8217;oferta expositiva per a les festes ja est\u00e0 a l&#8217;abast de tot el m\u00f3n al Teatre Ideal (escola d&#8217;adults), la Casa Museu (Guadalupe\u00a0Hig\u00f3n) i La Mina (alumnat de\u00a0Dolo\u00a0Torrelles).<\/p>\n<p>La Regina de les Festes,\u00a0Mar\u00eda\u00a0S\u00e1nchez, ha sigut l&#8217;encarregada d&#8217;inaugurar oficialment totes les mostres que, en el cas de la Mina, acab\u00e0 amb novetat, ja que les festeres acompanyades pel Grup de Danses i la colla de Tabal i dol\u00e7aina oferiren La Taina, ball t\u00edpic de Tur\u00eds, a tots els assistents.<\/p>\n","protected":false},"excerpt":{"rendered":"<div class=\"mh-excerpt\">L&#8217;oferta expositiva per a les festes ja est\u00e0 a l&#8217;abast de tot el m\u00f3n al Teatre Ideal (escola d&#8217;adults), la Casa Museu (Guadalupe\u00a0Hig\u00f3n) i La Mina (alumnat de\u00a0Dolo\u00a0Torrelles). La Regina de les Festes,\u00a0Mar\u00eda\u00a0S\u00e1nchez, ha sigut <a class=\"mh-excerpt-more\" href=\"https:\/\/www.tucomarca.com\/wordpress\/segunda\/ca\/art-i-folklore-es-donen-la-ma-en-les-festes-de-turis\/\" title=\"Art i folklore es donen la m\u00e0 en les festes de Tur\u00eds\">[+] <\/a><\/div>\n","protected":false},"author":1,"featured_media":90585,"comment_status":"open","ping_status":"open","sticky":false,"template":"","format":"standard","meta":{"footnotes":""},"categories":[10902,11004,11007,11008,10896,11047],"tags":[11077,11093],"class_list":{"0":"post-90587","1":"post","2":"type-post","3":"status-publish","4":"format-standard","5":"has-post-thumbnail","7":"category-la-ribera-ca","8":"category-la-semana-en-imagenes-ca","9":"category-ocio-y-cultura-ca","10":"category-pueblos-en-fiestas-ca","11":"category-seccion-ca","12":"category-turis-ca","13":"tag-la-ribera-alta-ca","14":"tag-turis-ca"},"_links":{"self":[{"href":"https:\/\/www.tucomarca.com\/wordpress\/segunda\/ca\/wp-json\/wp\/v2\/posts\/90587","targetHints":{"allow":["GET"]}}],"collection":[{"href":"https:\/\/www.tucomarca.com\/wordpress\/segunda\/ca\/wp-json\/wp\/v2\/posts"}],"about":[{"href":"https:\/\/www.tucomarca.com\/wordpress\/segunda\/ca\/wp-json\/wp\/v2\/types\/post"}],"author":[{"embeddable":true,"href":"https:\/\/www.tucomarca.com\/wordpress\/segunda\/ca\/wp-json\/wp\/v2\/users\/1"}],"replies":[{"embeddable":true,"href":"https:\/\/www.tucomarca.com\/wordpress\/segunda\/ca\/wp-json\/wp\/v2\/comments?post=90587"}],"version-history":[{"count":0,"href":"https:\/\/www.tucomarca.com\/wordpress\/segunda\/ca\/wp-json\/wp\/v2\/posts\/90587\/revisions"}],"wp:featuredmedia":[{"embeddable":true,"href":"https:\/\/www.tucomarca.com\/wordpress\/segunda\/ca\/wp-json\/wp\/v2\/media\/90585"}],"wp:attachment":[{"href":"https:\/\/www.tucomarca.com\/wordpress\/segunda\/ca\/wp-json\/wp\/v2\/media?parent=90587"}],"wp:term":[{"taxonomy":"category","embeddable":true,"href":"https:\/\/www.tucomarca.com\/wordpress\/segunda\/ca\/wp-json\/wp\/v2\/categories?post=90587"},{"taxonomy":"post_tag","embeddable":true,"href":"https:\/\/www.tucomarca.com\/wordpress\/segunda\/ca\/wp-json\/wp\/v2\/tags?post=90587"}],"curies":[{"name":"wp","href":"https:\/\/api.w.org\/{rel}","templated":true}]}}