{"id":90596,"date":"2019-08-14T19:57:20","date_gmt":"2019-08-14T17:57:20","guid":{"rendered":"http:\/\/www.tucomarca.com\/wordpress\/segunda\/?p=90596"},"modified":"2019-08-14T19:57:20","modified_gmt":"2019-08-14T17:57:20","slug":"turis-celebra-de-nou-la-seua-sopar-benefic-contra-el-cancer","status":"publish","type":"post","link":"https:\/\/www.tucomarca.com\/wordpress\/segunda\/ca\/turis-celebra-de-nou-la-seua-sopar-benefic-contra-el-cancer\/","title":{"rendered":"Tur\u00eds celebra de nou la seua sopar ben\u00e8fic contra el c\u00e0ncer"},"content":{"rendered":"<figure id=\"attachment_90591\" aria-describedby=\"caption-attachment-90591\" style=\"width: 463px\" class=\"wp-caption alignleft\"><img loading=\"lazy\" decoding=\"async\" class=\" wp-image-90591\" src=\"http:\/\/www.tucomarca.com\/wordpress\/segunda\/wp-content\/uploads\/2019\/08\/TurisCenaCancer.jpg\" alt=\"Un a\u00f1o m\u00e1s la cena ben\u00e9fica contra el c\u00e1ncer ha cubierto todas las expectativas de participaci\u00f3n y colaboraci\u00f3n.\" width=\"463\" height=\"347\" srcset=\"https:\/\/www.tucomarca.com\/wordpress\/segunda\/wp-content\/uploads\/2019\/08\/TurisCenaCancer.jpg 4000w, https:\/\/www.tucomarca.com\/wordpress\/segunda\/wp-content\/uploads\/2019\/08\/TurisCenaCancer-300x225.jpg 300w, https:\/\/www.tucomarca.com\/wordpress\/segunda\/wp-content\/uploads\/2019\/08\/TurisCenaCancer-768x576.jpg 768w, https:\/\/www.tucomarca.com\/wordpress\/segunda\/wp-content\/uploads\/2019\/08\/TurisCenaCancer-1024x768.jpg 1024w\" sizes=\"auto, (max-width: 463px) 100vw, 463px\" \/><figcaption id=\"caption-attachment-90591\" class=\"wp-caption-text\">Un any m\u00e9s el sopar ben\u00e8fic contra el c\u00e0ncer ha cobert totes les expectatives de participaci\u00f3 i col\u00b7laboraci\u00f3.<\/figcaption><\/figure>\n<p>Un any m\u00e9s el sopar ben\u00e8fic contra el c\u00e0ncer ha cobert totes les expectatives de participaci\u00f3 i col\u00b7laboraci\u00f3. L&#8217;enhorabona i l&#8217;agra\u00efment per a la junta local i voluntaris i volunt\u00e0ries que l&#8217;organitzen aix\u00ed com per a entitats, associacions i les m\u00e9s de 800 persones que participaren en el sopar. Com ja \u00e9s habitual la vetlada acab\u00e0 amb ball folk on les festeres tingueren especial protagonisme amb els seus familiars.<\/p>\n","protected":false},"excerpt":{"rendered":"<div class=\"mh-excerpt\">Un any m\u00e9s el sopar ben\u00e8fic contra el c\u00e0ncer ha cobert totes les expectatives de participaci\u00f3 i col\u00b7laboraci\u00f3. L&#8217;enhorabona i l&#8217;agra\u00efment per a la junta local i voluntaris i volunt\u00e0ries que l&#8217;organitzen aix\u00ed com per <a class=\"mh-excerpt-more\" href=\"https:\/\/www.tucomarca.com\/wordpress\/segunda\/ca\/turis-celebra-de-nou-la-seua-sopar-benefic-contra-el-cancer\/\" title=\"Tur\u00eds celebra de nou la seua sopar ben\u00e8fic contra el c\u00e0ncer\">[+] <\/a><\/div>\n","protected":false},"author":1,"featured_media":90592,"comment_status":"open","ping_status":"open","sticky":false,"template":"","format":"standard","meta":{"footnotes":""},"categories":[10902,11004,11008,10896,11047],"tags":[11077,11093],"class_list":{"0":"post-90596","1":"post","2":"type-post","3":"status-publish","4":"format-standard","5":"has-post-thumbnail","7":"category-la-ribera-ca","8":"category-la-semana-en-imagenes-ca","9":"category-pueblos-en-fiestas-ca","10":"category-seccion-ca","11":"category-turis-ca","12":"tag-la-ribera-alta-ca","13":"tag-turis-ca"},"_links":{"self":[{"href":"https:\/\/www.tucomarca.com\/wordpress\/segunda\/ca\/wp-json\/wp\/v2\/posts\/90596","targetHints":{"allow":["GET"]}}],"collection":[{"href":"https:\/\/www.tucomarca.com\/wordpress\/segunda\/ca\/wp-json\/wp\/v2\/posts"}],"about":[{"href":"https:\/\/www.tucomarca.com\/wordpress\/segunda\/ca\/wp-json\/wp\/v2\/types\/post"}],"author":[{"embeddable":true,"href":"https:\/\/www.tucomarca.com\/wordpress\/segunda\/ca\/wp-json\/wp\/v2\/users\/1"}],"replies":[{"embeddable":true,"href":"https:\/\/www.tucomarca.com\/wordpress\/segunda\/ca\/wp-json\/wp\/v2\/comments?post=90596"}],"version-history":[{"count":0,"href":"https:\/\/www.tucomarca.com\/wordpress\/segunda\/ca\/wp-json\/wp\/v2\/posts\/90596\/revisions"}],"wp:featuredmedia":[{"embeddable":true,"href":"https:\/\/www.tucomarca.com\/wordpress\/segunda\/ca\/wp-json\/wp\/v2\/media\/90592"}],"wp:attachment":[{"href":"https:\/\/www.tucomarca.com\/wordpress\/segunda\/ca\/wp-json\/wp\/v2\/media?parent=90596"}],"wp:term":[{"taxonomy":"category","embeddable":true,"href":"https:\/\/www.tucomarca.com\/wordpress\/segunda\/ca\/wp-json\/wp\/v2\/categories?post=90596"},{"taxonomy":"post_tag","embeddable":true,"href":"https:\/\/www.tucomarca.com\/wordpress\/segunda\/ca\/wp-json\/wp\/v2\/tags?post=90596"}],"curies":[{"name":"wp","href":"https:\/\/api.w.org\/{rel}","templated":true}]}}