{"id":90603,"date":"2019-08-13T10:49:49","date_gmt":"2019-08-13T08:49:49","guid":{"rendered":"http:\/\/www.tucomarca.com\/wordpress\/segunda\/?p=90603"},"modified":"2019-08-13T10:49:49","modified_gmt":"2019-08-13T08:49:49","slug":"lorquestra-filharmonica-de-requena-i-sole-gimenez-suneixen-en-el-concert-simfonic-dones-de-musica","status":"publish","type":"post","link":"https:\/\/www.tucomarca.com\/wordpress\/segunda\/ca\/lorquestra-filharmonica-de-requena-i-sole-gimenez-suneixen-en-el-concert-simfonic-dones-de-musica\/","title":{"rendered":"L&#8217;Orquestra Filharm\u00f2nica de Requena i Sole Gim\u00e9nez s&#8217;uneixen en el concert simf\u00f2nic &#8220;Dones de m\u00fasica&#8221;"},"content":{"rendered":"<figure id=\"attachment_90600\" aria-describedby=\"caption-attachment-90600\" style=\"width: 349px\" class=\"wp-caption alignleft\"><img loading=\"lazy\" decoding=\"async\" class=\" wp-image-90600\" src=\"http:\/\/www.tucomarca.com\/wordpress\/segunda\/wp-content\/uploads\/2019\/08\/concierto-sole-gimenez-orquesta-filarmonica-requena.jpg\" alt=\"El VII Concierto de la Vendimia y el Vino de Requena llevar\u00e1 a Requena a Sole Gim\u00e9nez, ex integrante de 'Presuntos implicados'.\" width=\"349\" height=\"494\" srcset=\"https:\/\/www.tucomarca.com\/wordpress\/segunda\/wp-content\/uploads\/2019\/08\/concierto-sole-gimenez-orquesta-filarmonica-requena.jpg 612w, https:\/\/www.tucomarca.com\/wordpress\/segunda\/wp-content\/uploads\/2019\/08\/concierto-sole-gimenez-orquesta-filarmonica-requena-212x300.jpg 212w\" sizes=\"auto, (max-width: 349px) 100vw, 349px\" \/><figcaption id=\"caption-attachment-90600\" class=\"wp-caption-text\">El VII Concert de la Verema i el Vi de Requena dur\u00e0 a Requena a Sole Gim\u00e9nez, ex integrant de &#8216;Presumptes implicats&#8217;.<\/figcaption><\/figure>\n<p>L&#8217;Orquestra Filharm\u00f2nica de la Fundaci\u00f3 Ciutat de Requena torna a revolucionar en el seu VII Concert de la Verema i el Vi i, el proper 23 d&#8217;agost, compartir\u00e0 escenari amb la reconeguda cantant Sole Gim\u00e9nez. Sota el t\u00edtol &#8220;Dones de m\u00fasica&#8221;, la jove agrupaci\u00f3 acompanyar\u00e0 l&#8217;ex integrant de Presuntos Implicados en una interpretaci\u00f3 d&#8217;emblem\u00e0tiques can\u00e7ons cantades i compostes per dones.<\/p>\n<p>Com \u00e9s habitual, la Filharm\u00f2nica trenca estereotips en qu\u00e8 s&#8217;ha al\u00e7at com el concert central de cada temporada, deixant de banda la seva vessant m\u00e9s cl\u00e0ssica i abra\u00e7ant estils diferents, acompanyada per una col\u00b7laboraci\u00f3 de renom. Aquest any, espectadores i espectadors podran gaudir amb can\u00e7ons de sobres conegudes, en un espectacle molt m\u00e9s &#8216;pop&#8217; en qu\u00e8 Sole Gim\u00e9nez ser\u00e0 la gran estrella convidada.<\/p>\n<p>D&#8217;aquesta manera, l&#8217;orquestra requenense segueix innovant, tractant de &#8220;fer alguna cosa diferent en cada Concert de la Verema i el Vi&#8221;, en paraules del seu director, Francisco Melero. &#8220;Hem tocat amb concertistes de renom, com Ara Malikian i Jos\u00e9 Franch, l&#8217;any passat vam poder gaudir d&#8217;un espectacle de tangos amb bandone\u00f3 incl\u00f2s i aquest, hem volgut seguir mostrant que una orquestra no t\u00e9 l\u00edmits&#8221;.<\/p>\n<p>Aix\u00ed, el Pati d&#8217;Armes de Requena tornar\u00e0 a ser l&#8217;incomparable marc que acollir\u00e0 el proper divendres 23 d&#8217;agost a les 23 hores el concert. Les entrades ja estan a la venda i es poden adquirir de manera anticipada a Monos Comunicaci\u00f3, situat en pla\u00e7a d&#8217;Espanya, n\u00ba 9 (Requena) de dilluns a divendres de 9 a 14 hores o de manera online a www.entradasonline.es. Les entrades tamb\u00e9 podran aconseguir a taquilla el mateix dia del concert.<\/p>\n","protected":false},"excerpt":{"rendered":"<div class=\"mh-excerpt\">L&#8217;Orquestra Filharm\u00f2nica de la Fundaci\u00f3 Ciutat de Requena torna a revolucionar en el seu VII Concert de la Verema i el Vi i, el proper 23 d&#8217;agost, compartir\u00e0 escenari amb la reconeguda cantant Sole Gim\u00e9nez. <a class=\"mh-excerpt-more\" href=\"https:\/\/www.tucomarca.com\/wordpress\/segunda\/ca\/lorquestra-filharmonica-de-requena-i-sole-gimenez-suneixen-en-el-concert-simfonic-dones-de-musica\/\" title=\"L&#8217;Orquestra Filharm\u00f2nica de Requena i Sole Gim\u00e9nez s&#8217;uneixen en el concert simf\u00f2nic &#8220;Dones de m\u00fasica&#8221;\">[+] <\/a><\/div>\n","protected":false},"author":1,"featured_media":90601,"comment_status":"open","ping_status":"open","sticky":false,"template":"","format":"standard","meta":{"footnotes":""},"categories":[11019,11005,11007,11008,10908,10909,10896],"tags":[11099,10910],"class_list":{"0":"post-90603","1":"post","2":"type-post","3":"status-publish","4":"format-standard","5":"has-post-thumbnail","7":"category-agenda-ca","8":"category-canal-musica","9":"category-ocio-y-cultura-ca","10":"category-pueblos-en-fiestas-ca","11":"category-requena-ca","12":"category-requena-utiel-ca","13":"category-seccion-ca","14":"tag-requena-ca","15":"tag-requena-utiel-ca"},"_links":{"self":[{"href":"https:\/\/www.tucomarca.com\/wordpress\/segunda\/ca\/wp-json\/wp\/v2\/posts\/90603","targetHints":{"allow":["GET"]}}],"collection":[{"href":"https:\/\/www.tucomarca.com\/wordpress\/segunda\/ca\/wp-json\/wp\/v2\/posts"}],"about":[{"href":"https:\/\/www.tucomarca.com\/wordpress\/segunda\/ca\/wp-json\/wp\/v2\/types\/post"}],"author":[{"embeddable":true,"href":"https:\/\/www.tucomarca.com\/wordpress\/segunda\/ca\/wp-json\/wp\/v2\/users\/1"}],"replies":[{"embeddable":true,"href":"https:\/\/www.tucomarca.com\/wordpress\/segunda\/ca\/wp-json\/wp\/v2\/comments?post=90603"}],"version-history":[{"count":0,"href":"https:\/\/www.tucomarca.com\/wordpress\/segunda\/ca\/wp-json\/wp\/v2\/posts\/90603\/revisions"}],"wp:featuredmedia":[{"embeddable":true,"href":"https:\/\/www.tucomarca.com\/wordpress\/segunda\/ca\/wp-json\/wp\/v2\/media\/90601"}],"wp:attachment":[{"href":"https:\/\/www.tucomarca.com\/wordpress\/segunda\/ca\/wp-json\/wp\/v2\/media?parent=90603"}],"wp:term":[{"taxonomy":"category","embeddable":true,"href":"https:\/\/www.tucomarca.com\/wordpress\/segunda\/ca\/wp-json\/wp\/v2\/categories?post=90603"},{"taxonomy":"post_tag","embeddable":true,"href":"https:\/\/www.tucomarca.com\/wordpress\/segunda\/ca\/wp-json\/wp\/v2\/tags?post=90603"}],"curies":[{"name":"wp","href":"https:\/\/api.w.org\/{rel}","templated":true}]}}