{"id":90760,"date":"2019-08-14T19:48:46","date_gmt":"2019-08-14T17:48:46","guid":{"rendered":"http:\/\/www.tucomarca.com\/wordpress\/segunda\/?p=90760"},"modified":"2019-08-14T19:48:46","modified_gmt":"2019-08-14T17:48:46","slug":"sergio-geerlings-simposa-al-memorial-eugeni-lisarde-de-iatova","status":"publish","type":"post","link":"https:\/\/www.tucomarca.com\/wordpress\/segunda\/ca\/sergio-geerlings-simposa-al-memorial-eugeni-lisarde-de-iatova\/","title":{"rendered":"Sergio Geerlings s&#8217;imposa al Memorial Eugeni Lisarde de I\u00e0tova"},"content":{"rendered":"<figure id=\"attachment_90820\" aria-describedby=\"caption-attachment-90820\" style=\"width: 572px\" class=\"wp-caption alignnone\"><img loading=\"lazy\" decoding=\"async\" class=\" wp-image-90820\" src=\"http:\/\/www.tucomarca.com\/wordpress\/segunda\/wp-content\/uploads\/2019\/08\/YatovaCiclismo.jpg\" alt=\"Los ciclistas, procedentes de distintas partes de Espa\u00f1a, recorrieron 52,2 km.\" width=\"572\" height=\"421\" srcset=\"https:\/\/www.tucomarca.com\/wordpress\/segunda\/wp-content\/uploads\/2019\/08\/YatovaCiclismo.jpg 1528w, https:\/\/www.tucomarca.com\/wordpress\/segunda\/wp-content\/uploads\/2019\/08\/YatovaCiclismo-300x221.jpg 300w, https:\/\/www.tucomarca.com\/wordpress\/segunda\/wp-content\/uploads\/2019\/08\/YatovaCiclismo-768x565.jpg 768w, https:\/\/www.tucomarca.com\/wordpress\/segunda\/wp-content\/uploads\/2019\/08\/YatovaCiclismo-1024x754.jpg 1024w\" sizes=\"auto, (max-width: 572px) 100vw, 572px\" \/><figcaption id=\"caption-attachment-90820\" class=\"wp-caption-text\">Los ciclistas, procedentes de distintas partes de Espa\u00f1a, recorrieron 52,2 km.<\/figcaption><\/figure>\n<p>Com ja va avan\u00e7ar tucomarca.com en la seua edici\u00f3 impresa, I\u00e0tova va realitzar dies enrere la prova ciclista \u00abMemorial Eugeni Lisarde\u00bb, trofeu Festes de Y\u00e1tova 2019, que des de les 9 del mat\u00ed va prendre els carrers del municipi.<\/p>\n<p>\u00ab\u00c9s una carrera que s&#8217;ha recuperat per quedar-se al calendari esportiu local, homenatja a un gran ciclista yatovero, a Eugenio Lisarde, que ha portat el nom de Y\u00e1tova all\u00e0 on anava i per la seva gran aportaci\u00f3 a aquest esport al poble\u00bb, com han explicat Vicente Cervera, el regidor d&#8217;Esports de la localitat. \u00abVolem agrair la tasca de les m\u00e9s de 30 persones que viuen el ciclisme, i que han participat volunt\u00e0riament, tant en l&#8217;organitzaci\u00f3 com en la pr\u00f2pia carrera\u00bb, ha afegit el regidor.<\/p>\n<p>El memorial va comptar amb la participaci\u00f3 de m\u00e9s de 50 persones inscrites, procedents de diferents parts d&#8217;Espanya, que van rec\u00f3rrer el circuit urb\u00e0 de 52,2 quil\u00f2metres. Pel que fa a les classificacions, en j\u00fanior el primer a entrar en meta va ser Sergio Geerlings, seguit d&#8217;\u00c1lvaro Pol i de Josep Tom\u00e0s.<\/p>\n","protected":false},"excerpt":{"rendered":"<div class=\"mh-excerpt\">Com ja va avan\u00e7ar tucomarca.com en la seua edici\u00f3 impresa, I\u00e0tova va realitzar dies enrere la prova ciclista \u00abMemorial Eugeni Lisarde\u00bb, trofeu Festes de Y\u00e1tova 2019, que des de les 9 del mat\u00ed va prendre <a class=\"mh-excerpt-more\" href=\"https:\/\/www.tucomarca.com\/wordpress\/segunda\/ca\/sergio-geerlings-simposa-al-memorial-eugeni-lisarde-de-iatova\/\" title=\"Sergio Geerlings s&#8217;imposa al Memorial Eugeni Lisarde de I\u00e0tova\">[+] <\/a><\/div>\n","protected":false},"author":1,"featured_media":90820,"comment_status":"open","ping_status":"open","sticky":false,"template":"","format":"standard","meta":{"footnotes":""},"categories":[11013,11003,10980,10912,10896],"tags":[11264,11142],"class_list":{"0":"post-90760","1":"post","2":"type-post","3":"status-publish","4":"format-standard","5":"has-post-thumbnail","7":"category-ciclismo-ca","8":"category-sports","9":"category-yatova-ca","10":"category-la-hoya-ca","11":"category-seccion-ca","12":"tag-esports-ca","13":"tag-iatova"},"_links":{"self":[{"href":"https:\/\/www.tucomarca.com\/wordpress\/segunda\/ca\/wp-json\/wp\/v2\/posts\/90760","targetHints":{"allow":["GET"]}}],"collection":[{"href":"https:\/\/www.tucomarca.com\/wordpress\/segunda\/ca\/wp-json\/wp\/v2\/posts"}],"about":[{"href":"https:\/\/www.tucomarca.com\/wordpress\/segunda\/ca\/wp-json\/wp\/v2\/types\/post"}],"author":[{"embeddable":true,"href":"https:\/\/www.tucomarca.com\/wordpress\/segunda\/ca\/wp-json\/wp\/v2\/users\/1"}],"replies":[{"embeddable":true,"href":"https:\/\/www.tucomarca.com\/wordpress\/segunda\/ca\/wp-json\/wp\/v2\/comments?post=90760"}],"version-history":[{"count":0,"href":"https:\/\/www.tucomarca.com\/wordpress\/segunda\/ca\/wp-json\/wp\/v2\/posts\/90760\/revisions"}],"wp:featuredmedia":[{"embeddable":true,"href":"https:\/\/www.tucomarca.com\/wordpress\/segunda\/ca\/wp-json\/wp\/v2\/media\/90820"}],"wp:attachment":[{"href":"https:\/\/www.tucomarca.com\/wordpress\/segunda\/ca\/wp-json\/wp\/v2\/media?parent=90760"}],"wp:term":[{"taxonomy":"category","embeddable":true,"href":"https:\/\/www.tucomarca.com\/wordpress\/segunda\/ca\/wp-json\/wp\/v2\/categories?post=90760"},{"taxonomy":"post_tag","embeddable":true,"href":"https:\/\/www.tucomarca.com\/wordpress\/segunda\/ca\/wp-json\/wp\/v2\/tags?post=90760"}],"curies":[{"name":"wp","href":"https:\/\/api.w.org\/{rel}","templated":true}]}}