{"id":90939,"date":"2019-08-20T01:45:26","date_gmt":"2019-08-19T23:45:26","guid":{"rendered":"http:\/\/www.tucomarca.com\/wordpress\/segunda\/?p=90939"},"modified":"2019-08-20T01:45:26","modified_gmt":"2019-08-19T23:45:26","slug":"diversos-col%c2%b7lectius-de-la-foia-participen-en-lalianca-per-la-declaracio-de-lemergencia-climatica","status":"publish","type":"post","link":"https:\/\/www.tucomarca.com\/wordpress\/segunda\/ca\/diversos-col%c2%b7lectius-de-la-foia-participen-en-lalianca-per-la-declaracio-de-lemergencia-climatica\/","title":{"rendered":"Diversos col\u00b7lectius de la Foia participen en L&#8217;Alian\u00e7a per la declaraci\u00f3 de l&#8217;emerg\u00e8ncia clim\u00e0tica"},"content":{"rendered":"<figure id=\"attachment_90936\" aria-describedby=\"caption-attachment-90936\" style=\"width: 432px\" class=\"wp-caption alignnone\"><img loading=\"lazy\" decoding=\"async\" class=\" wp-image-90936\" src=\"http:\/\/www.tucomarca.com\/wordpress\/segunda\/wp-content\/uploads\/2019\/08\/AireLimpio.jpg\" alt=\"La Alianza por la declaraci\u00f3n de la emergencia clim\u00e1tica re\u00fane a gran n\u00famero de asociaciones de todo el Estado, entre las que se encuentran los colectivos Aire Limpio En La Hoya de Bu\u00f1ol-Chiva, Cero Pl\u00e1stico, Los Verdes, Huerta-Jard\u00edn El Boticario, etc.\" width=\"432\" height=\"243\" srcset=\"https:\/\/www.tucomarca.com\/wordpress\/segunda\/wp-content\/uploads\/2019\/08\/AireLimpio.jpg 4608w, https:\/\/www.tucomarca.com\/wordpress\/segunda\/wp-content\/uploads\/2019\/08\/AireLimpio-300x169.jpg 300w, https:\/\/www.tucomarca.com\/wordpress\/segunda\/wp-content\/uploads\/2019\/08\/AireLimpio-768x432.jpg 768w, https:\/\/www.tucomarca.com\/wordpress\/segunda\/wp-content\/uploads\/2019\/08\/AireLimpio-1024x576.jpg 1024w\" sizes=\"auto, (max-width: 432px) 100vw, 432px\" \/><figcaption id=\"caption-attachment-90936\" class=\"wp-caption-text\">L&#8217;Alian\u00e7a per la declaraci\u00f3 de l&#8217;emerg\u00e8ncia clim\u00e0tica reuneix a gran nombre d&#8217;associacions de tot l&#8217;Estat, entre les quals es troben els col\u00b7lectius Aire Net A La Foia de Bunyol-Xiva, Zero Pl\u00e0stic, Els Verds, Horta-Jard\u00ed El Boticario, etc. .<\/figcaption><\/figure>\n<p>Des d&#8217;aquesta Alian\u00e7a s&#8217;ha publicat un manifest, una convocat\u00f2ria de vaga que se sumi a la que ja van iniciar els joves a Europa, el 20 de setembre i una manifestaci\u00f3 estatal el 27 set .; a m\u00e9s d&#8217;una Moci\u00f3 per presentar per registre d&#8217;entrada en tots els ajuntaments del pa\u00eds.<\/p>\n<p>A La Foia el primer municipi que l&#8217;ha aprovat ha estat l&#8217;Ajuntament de Y\u00e1tova &#8220;i el felicitem \u00e0mpliament per aix\u00f2. El 26 de juliol i per unanimitat dels presents en el ple, va quedar ratificada i aprovada&#8221;, segons han informat des Aire Net .<\/p>\n<p>&#8220;En aquesta moci\u00f3 es reconeix el Planeta es troba en greu perill per l&#8217;escalfament global. Aquest reconeixement suposa iniciar un proc\u00e9s de sensibilitzaci\u00f3 de tota la poblaci\u00f3 i el compromet a iniciar la transformaci\u00f3 social en intentar assegurar els seg\u00fcents objectius generals que queden resumits per no estendre&#8217;ns massa:<\/p>\n<p>1 &#8211; Aprovar normatives i recursos que garanteixin la reducci\u00f3 gasos d&#8217;efecte hivernacle.<\/p>\n<p>2 &#8211; Abandonar els combustibles f\u00f2ssils, apostant per les energies renovables i l&#8217;efici\u00e8ncia energ\u00e8tica (promoure l&#8217;\u00fas de la bicicleta, el residu zero, la recuperaci\u00f3 de la terra f\u00e8rtil i dels aq\u00fc\u00edfers, la silvicultura, la ramaderia ecol\u00f2gica, donant suport aix\u00ed a la Espanya buidada &#8230;)<\/p>\n<p>3 &#8211; Avan\u00e7ar en l&#8217;economia local i de Proximitat, aconseguint el m\u00e9s aviat possible el Ple subministrament agro ecol\u00f2gic.<\/p>\n<p>4 &#8211; Iniciar la necess\u00e0ria adaptaci\u00f3 del seu municipi a la crisi clim\u00e0tica amb les conseq\u00fc\u00e8ncies que coneixem de pujada de la temperatura, irregularitat de les precipitacions, augment del nivell del mar, etc.<\/p>\n<p>5 &#8211; Aplicar totes les mesures en base a la democr\u00e0cia i la transpar\u00e8ncia, consultant a la ciutadania; permetent que siguin vinculants les seves opinions o que vigili les mesures adoptades pel govern municipal, per tal de millorar-les entre tots dos.<\/p>\n<p>Aquesta Moci\u00f3 s&#8217;ha registrat ja tamb\u00e9 a Xest, Xiva i Bunyol. Confiem que en aquests municipis s&#8217;aprovar\u00e0 al setembre pel b\u00e9 de totes i tots &#8220;.<\/p>\n","protected":false},"excerpt":{"rendered":"<div class=\"mh-excerpt\">Des d&#8217;aquesta Alian\u00e7a s&#8217;ha publicat un manifest, una convocat\u00f2ria de vaga que se sumi a la que ja van iniciar els joves a Europa, el 20 de setembre i una manifestaci\u00f3 estatal el 27 set <a class=\"mh-excerpt-more\" href=\"https:\/\/www.tucomarca.com\/wordpress\/segunda\/ca\/diversos-col%c2%b7lectius-de-la-foia-participen-en-lalianca-per-la-declaracio-de-lemergencia-climatica\/\" title=\"Diversos col\u00b7lectius de la Foia participen en L&#8217;Alian\u00e7a per la declaraci\u00f3 de l&#8217;emerg\u00e8ncia clim\u00e0tica\">[+] <\/a><\/div>\n","protected":false},"author":1,"featured_media":90937,"comment_status":"open","ping_status":"open","sticky":false,"template":"","format":"standard","meta":{"footnotes":""},"categories":[10894,10912,10903,10896],"tags":[10914],"class_list":{"0":"post-90939","1":"post","2":"type-post","3":"status-publish","4":"format-standard","5":"has-post-thumbnail","7":"category-la-comarca-ca","8":"category-la-hoya-ca","9":"category-medio-ambiente-la-comarca-ca","10":"category-seccion-ca","11":"tag-la-hoya-de-bunol-chiva-ca"},"_links":{"self":[{"href":"https:\/\/www.tucomarca.com\/wordpress\/segunda\/ca\/wp-json\/wp\/v2\/posts\/90939","targetHints":{"allow":["GET"]}}],"collection":[{"href":"https:\/\/www.tucomarca.com\/wordpress\/segunda\/ca\/wp-json\/wp\/v2\/posts"}],"about":[{"href":"https:\/\/www.tucomarca.com\/wordpress\/segunda\/ca\/wp-json\/wp\/v2\/types\/post"}],"author":[{"embeddable":true,"href":"https:\/\/www.tucomarca.com\/wordpress\/segunda\/ca\/wp-json\/wp\/v2\/users\/1"}],"replies":[{"embeddable":true,"href":"https:\/\/www.tucomarca.com\/wordpress\/segunda\/ca\/wp-json\/wp\/v2\/comments?post=90939"}],"version-history":[{"count":0,"href":"https:\/\/www.tucomarca.com\/wordpress\/segunda\/ca\/wp-json\/wp\/v2\/posts\/90939\/revisions"}],"wp:featuredmedia":[{"embeddable":true,"href":"https:\/\/www.tucomarca.com\/wordpress\/segunda\/ca\/wp-json\/wp\/v2\/media\/90937"}],"wp:attachment":[{"href":"https:\/\/www.tucomarca.com\/wordpress\/segunda\/ca\/wp-json\/wp\/v2\/media?parent=90939"}],"wp:term":[{"taxonomy":"category","embeddable":true,"href":"https:\/\/www.tucomarca.com\/wordpress\/segunda\/ca\/wp-json\/wp\/v2\/categories?post=90939"},{"taxonomy":"post_tag","embeddable":true,"href":"https:\/\/www.tucomarca.com\/wordpress\/segunda\/ca\/wp-json\/wp\/v2\/tags?post=90939"}],"curies":[{"name":"wp","href":"https:\/\/api.w.org\/{rel}","templated":true}]}}