{"id":91398,"date":"2019-08-27T18:54:10","date_gmt":"2019-08-27T16:54:10","guid":{"rendered":"http:\/\/www.tucomarca.com\/wordpress\/segunda\/?p=91398"},"modified":"2019-08-27T18:54:36","modified_gmt":"2019-08-27T16:54:36","slug":"el-consistori-requenense-promou-un-dia-sense-soroll-a-la-fira-perque-mes-nens-puguin-gaudir-la","status":"publish","type":"post","link":"https:\/\/www.tucomarca.com\/wordpress\/segunda\/ca\/el-consistori-requenense-promou-un-dia-sense-soroll-a-la-fira-perque-mes-nens-puguin-gaudir-la\/","title":{"rendered":"El consistori requenense promou un dia sense soroll a la Fira perqu\u00e8 m\u00e9s nens puguin gaudir-la"},"content":{"rendered":"<figure id=\"attachment_91395\" aria-describedby=\"caption-attachment-91395\" style=\"width: 289px\" class=\"wp-caption alignleft\"><img loading=\"lazy\" decoding=\"async\" class=\" wp-image-91395\" src=\"http:\/\/www.tucomarca.com\/wordpress\/segunda\/wp-content\/uploads\/2019\/08\/D\u00edasinruido.jpg\" alt=\"Ser\u00e1 este mi\u00e9rcoles 28 de Agosto, coincidiendo con el D\u00eda Infantil, desde su apertura y hasta las nueve de la noche\" width=\"289\" height=\"432\" srcset=\"https:\/\/www.tucomarca.com\/wordpress\/segunda\/wp-content\/uploads\/2019\/08\/D\u00edasinruido.jpg 945w, https:\/\/www.tucomarca.com\/wordpress\/segunda\/wp-content\/uploads\/2019\/08\/D\u00edasinruido-201x300.jpg 201w, https:\/\/www.tucomarca.com\/wordpress\/segunda\/wp-content\/uploads\/2019\/08\/D\u00edasinruido-768x1148.jpg 768w, https:\/\/www.tucomarca.com\/wordpress\/segunda\/wp-content\/uploads\/2019\/08\/D\u00edasinruido-685x1024.jpg 685w\" sizes=\"auto, (max-width: 289px) 100vw, 289px\" \/><figcaption id=\"caption-attachment-91395\" class=\"wp-caption-text\">Ser\u00e0 aquest dimecres 28 d&#8217;agost, coincidint amb el Dia Infantil, des de la seva obertura i fins les nou del nit<\/figcaption><\/figure>\n<p>L&#8217;Ajuntament de Requena a trav\u00e9s de la seua Regidoria de Festes i amb la col\u00b7laboraci\u00f3 dels industrials firaires ha triat aquest dimecres 28 d&#8217;agost per unir-se a la iniciativa Una Fira Sense Soroll.<\/p>\n<p>Els llums, m\u00fasica i so de les atraccions s&#8217;apagaran des de l&#8217;obertura de les mateixes i fins a les nou del vespre.<\/p>\n<p>D&#8217;aquesta manera, nens amb trastorns auditius, autisme o par\u00e0lisi cerebral podran participar de les diverses atraccions i viure la Fira requenense en igualtat de condicions que la resta, fomentant per a aquests col\u00b7lectius l&#8217;accessibilitat i inclusi\u00f3 en les celebracions del municipi.<\/p>\n<p>La nostra localitat se suma aix\u00ed a la idea que cada vegada est\u00e0 calant en m\u00e9s poblacions espanyoles, i que fomenta la supressi\u00f3 de barreres invisibles i fa que cada vegada m\u00e9s persones puguin tenir moments d&#8217;oci d&#8217;una manera igualit\u00e0ria, accessible i inclusiva, sense cap tipus de discriminaci\u00f3 per la seva diversitat.<\/p>\n<p>Cal recordar que el dia 28 d&#8217;agost tamb\u00e9 ser\u00e0 el Dia Infantil, en el qual es podr\u00e0 gaudir de totes les atraccions a preus populars.<\/p>\n","protected":false},"excerpt":{"rendered":"<div class=\"mh-excerpt\">L&#8217;Ajuntament de Requena a trav\u00e9s de la seua Regidoria de Festes i amb la col\u00b7laboraci\u00f3 dels industrials firaires ha triat aquest dimecres 28 d&#8217;agost per unir-se a la iniciativa Una Fira Sense Soroll. Els llums, <a class=\"mh-excerpt-more\" href=\"https:\/\/www.tucomarca.com\/wordpress\/segunda\/ca\/el-consistori-requenense-promou-un-dia-sense-soroll-a-la-fira-perque-mes-nens-puguin-gaudir-la\/\" title=\"El consistori requenense promou un dia sense soroll a la Fira perqu\u00e8 m\u00e9s nens puguin gaudir-la\">[+] <\/a><\/div>\n","protected":false},"author":1,"featured_media":91396,"comment_status":"open","ping_status":"open","sticky":false,"template":"","format":"standard","meta":{"footnotes":""},"categories":[11019,11004,11008,10908,10909,10896],"tags":[11099,10910],"class_list":{"0":"post-91398","1":"post","2":"type-post","3":"status-publish","4":"format-standard","5":"has-post-thumbnail","7":"category-agenda-ca","8":"category-la-semana-en-imagenes-ca","9":"category-pueblos-en-fiestas-ca","10":"category-requena-ca","11":"category-requena-utiel-ca","12":"category-seccion-ca","13":"tag-requena-ca","14":"tag-requena-utiel-ca"},"_links":{"self":[{"href":"https:\/\/www.tucomarca.com\/wordpress\/segunda\/ca\/wp-json\/wp\/v2\/posts\/91398","targetHints":{"allow":["GET"]}}],"collection":[{"href":"https:\/\/www.tucomarca.com\/wordpress\/segunda\/ca\/wp-json\/wp\/v2\/posts"}],"about":[{"href":"https:\/\/www.tucomarca.com\/wordpress\/segunda\/ca\/wp-json\/wp\/v2\/types\/post"}],"author":[{"embeddable":true,"href":"https:\/\/www.tucomarca.com\/wordpress\/segunda\/ca\/wp-json\/wp\/v2\/users\/1"}],"replies":[{"embeddable":true,"href":"https:\/\/www.tucomarca.com\/wordpress\/segunda\/ca\/wp-json\/wp\/v2\/comments?post=91398"}],"version-history":[{"count":0,"href":"https:\/\/www.tucomarca.com\/wordpress\/segunda\/ca\/wp-json\/wp\/v2\/posts\/91398\/revisions"}],"wp:featuredmedia":[{"embeddable":true,"href":"https:\/\/www.tucomarca.com\/wordpress\/segunda\/ca\/wp-json\/wp\/v2\/media\/91396"}],"wp:attachment":[{"href":"https:\/\/www.tucomarca.com\/wordpress\/segunda\/ca\/wp-json\/wp\/v2\/media?parent=91398"}],"wp:term":[{"taxonomy":"category","embeddable":true,"href":"https:\/\/www.tucomarca.com\/wordpress\/segunda\/ca\/wp-json\/wp\/v2\/categories?post=91398"},{"taxonomy":"post_tag","embeddable":true,"href":"https:\/\/www.tucomarca.com\/wordpress\/segunda\/ca\/wp-json\/wp\/v2\/tags?post=91398"}],"curies":[{"name":"wp","href":"https:\/\/api.w.org\/{rel}","templated":true}]}}