{"id":91418,"date":"2019-08-27T16:33:09","date_gmt":"2019-08-27T14:33:09","guid":{"rendered":"http:\/\/www.tucomarca.com\/wordpress\/segunda\/?p=91418"},"modified":"2019-08-27T16:33:09","modified_gmt":"2019-08-27T14:33:09","slug":"el-pp-insta-abalos-a-reduir-la-perillositat-del-tram-de-la-n-iii-de-caudete-de-les-fonts-utiel","status":"publish","type":"post","link":"https:\/\/www.tucomarca.com\/wordpress\/segunda\/ca\/el-pp-insta-abalos-a-reduir-la-perillositat-del-tram-de-la-n-iii-de-caudete-de-les-fonts-utiel\/","title":{"rendered":"El PP insta \u00c1balos a reduir la perillositat del tram de la N-III de Caudete de les Fonts-Utiel"},"content":{"rendered":"<figure id=\"attachment_91415\" aria-describedby=\"caption-attachment-91415\" style=\"width: 400px\" class=\"wp-caption alignleft\"><img loading=\"lazy\" decoding=\"async\" class=\" wp-image-91415\" src=\"http:\/\/www.tucomarca.com\/wordpress\/segunda\/wp-content\/uploads\/2019\/08\/DeZRosaZNIII.jpeg\" alt=\"De Rosa denuncia el mal estado de mantenimiento de las carreteras nacionales dependientes del Ministerio de Fomento en la provincia de Valencia\" width=\"400\" height=\"533\" srcset=\"https:\/\/www.tucomarca.com\/wordpress\/segunda\/wp-content\/uploads\/2019\/08\/DeZRosaZNIII.jpeg 1200w, https:\/\/www.tucomarca.com\/wordpress\/segunda\/wp-content\/uploads\/2019\/08\/DeZRosaZNIII-225x300.jpeg 225w, https:\/\/www.tucomarca.com\/wordpress\/segunda\/wp-content\/uploads\/2019\/08\/DeZRosaZNIII-768x1024.jpeg 768w, https:\/\/www.tucomarca.com\/wordpress\/segunda\/wp-content\/uploads\/2019\/08\/DeZRosaZNIII-1024x1365.jpeg 1024w\" sizes=\"auto, (max-width: 400px) 100vw, 400px\" \/><figcaption id=\"caption-attachment-91415\" class=\"wp-caption-text\">De Rosa denuncia el mal estat de manteniment de les carreteres nacionals dependents del Ministeri de Foment en la prov\u00edncia de Val\u00e8ncia<\/figcaption><\/figure>\n<p>El senador del Partit Popular, Fernando de Rosa, ha denunciat hui\u00a0&#8220;la manca de manteniment de les carreteres nacionals dependents del Ministeri de Foment en la prov\u00edncia de Val\u00e8ncia i alhora ha preguntat al ministre de Foment, Jos\u00e9 Luis \u00c1balos quines mesures va a prendre per reduir la perillositat del tram de la N-III de Caudete de les Fonts-Utiel&#8221;.<\/p>\n<p>De Rosa, que ha visitat la zona al costat de la portaveu del PP d&#8217;Utiel, ha assenyalat que &#8220;ara per ara no sabem quants diners dels 1,9 milions de les obres Llevant-sud destinat per a inspecci\u00f3 vi\u00e0ria de la Xarxa de Carreteres de l&#8217; estat corresponen a la prov\u00edncia de Val\u00e8ncia.<\/p>\n<p>&#8220;Hi ha una apagada informativa sobre quins trams es van a inspeccionar i si est\u00e0 en concret aquest tram de la N-III de Caudete de les Fonts-Utiel&#8221; alguna cosa &#8220;molt sospit\u00f3s&#8221;. Per aix\u00f2, ha preguntat al Ministeri sobre l&#8217;exist\u00e8ncia o no d&#8217;alguna mesura per reduir la perillositat d&#8217;aquesta carretera per\u00f2 &#8220;encara no hem rebut resposta&#8221;.<\/p>\n<p>Aix\u00ed, &#8220;ha animat el ministre a venir m\u00e9s a la seva terra, a rec\u00f3rrer una mica m\u00e9s la prov\u00edncia de Val\u00e8ncia i, d&#8217;aquesta manera, con\u00e8ixer la realitat. &#8220;El que hauria de fer \u00e9s treballar i estar \u00e9s a peu de can\u00f3&#8221;.<\/p>\n<p>A m\u00e9s, Fernando de Rosa, ha denunciat la &#8220;nova idea del Govern i en concret del ministre \u00c1balos que es pagui un peatge tou. &#8220;Que aclareixi aix\u00f2, que ho expliqui, no es pot augmentar els impostos als ciutadans, cosa que el Partit Popular mai faria&#8221;. &#8220;Per a nosaltres les autovies a Espanya s\u00f3n gratu\u00eftes des de sempre i poden seguir sent-ho per\u00f2 per a aix\u00f2 cal saber gestionar, cosa que el PSOE no sap. Ni tan sols en el pitjor moment de la crisi econ\u00f2mica es va plantejar aquesta possibilitat &#8220;, ha recordat.<\/p>\n","protected":false},"excerpt":{"rendered":"<div class=\"mh-excerpt\">El senador del Partit Popular, Fernando de Rosa, ha denunciat hui\u00a0&#8220;la manca de manteniment de les carreteres nacionals dependents del Ministeri de Foment en la prov\u00edncia de Val\u00e8ncia i alhora ha preguntat al ministre de <a class=\"mh-excerpt-more\" href=\"https:\/\/www.tucomarca.com\/wordpress\/segunda\/ca\/el-pp-insta-abalos-a-reduir-la-perillositat-del-tram-de-la-n-iii-de-caudete-de-les-fonts-utiel\/\" title=\"El PP insta \u00c1balos a reduir la perillositat del tram de la N-III de Caudete de les Fonts-Utiel\">[+] <\/a><\/div>\n","protected":false},"author":1,"featured_media":91416,"comment_status":"open","ping_status":"open","sticky":false,"template":"","format":"standard","meta":{"footnotes":""},"categories":[10898,10894,10947,10909,10896,11059],"tags":[10910,11174],"class_list":{"0":"post-91418","1":"post","2":"type-post","3":"status-publish","4":"format-standard","5":"has-post-thumbnail","7":"category-ventana-ca","8":"category-la-comarca-ca","9":"category-politica","10":"category-requena-utiel-ca","11":"category-seccion-ca","12":"category-utiel-ca","13":"tag-requena-utiel-ca","14":"tag-utiel-ca"},"_links":{"self":[{"href":"https:\/\/www.tucomarca.com\/wordpress\/segunda\/ca\/wp-json\/wp\/v2\/posts\/91418","targetHints":{"allow":["GET"]}}],"collection":[{"href":"https:\/\/www.tucomarca.com\/wordpress\/segunda\/ca\/wp-json\/wp\/v2\/posts"}],"about":[{"href":"https:\/\/www.tucomarca.com\/wordpress\/segunda\/ca\/wp-json\/wp\/v2\/types\/post"}],"author":[{"embeddable":true,"href":"https:\/\/www.tucomarca.com\/wordpress\/segunda\/ca\/wp-json\/wp\/v2\/users\/1"}],"replies":[{"embeddable":true,"href":"https:\/\/www.tucomarca.com\/wordpress\/segunda\/ca\/wp-json\/wp\/v2\/comments?post=91418"}],"version-history":[{"count":0,"href":"https:\/\/www.tucomarca.com\/wordpress\/segunda\/ca\/wp-json\/wp\/v2\/posts\/91418\/revisions"}],"wp:featuredmedia":[{"embeddable":true,"href":"https:\/\/www.tucomarca.com\/wordpress\/segunda\/ca\/wp-json\/wp\/v2\/media\/91416"}],"wp:attachment":[{"href":"https:\/\/www.tucomarca.com\/wordpress\/segunda\/ca\/wp-json\/wp\/v2\/media?parent=91418"}],"wp:term":[{"taxonomy":"category","embeddable":true,"href":"https:\/\/www.tucomarca.com\/wordpress\/segunda\/ca\/wp-json\/wp\/v2\/categories?post=91418"},{"taxonomy":"post_tag","embeddable":true,"href":"https:\/\/www.tucomarca.com\/wordpress\/segunda\/ca\/wp-json\/wp\/v2\/tags?post=91418"}],"curies":[{"name":"wp","href":"https:\/\/api.w.org\/{rel}","templated":true}]}}