{"id":91530,"date":"2019-08-31T12:02:08","date_gmt":"2019-08-31T10:02:08","guid":{"rendered":"http:\/\/www.tucomarca.com\/wordpress\/segunda\/?p=91530"},"modified":"2019-08-31T12:02:08","modified_gmt":"2019-08-31T10:02:08","slug":"tancament-musical-i-floral-a-carrec-d-el-litre-a-la-fira-i-festes-2019-de-bunyol","status":"publish","type":"post","link":"https:\/\/www.tucomarca.com\/wordpress\/segunda\/ca\/tancament-musical-i-floral-a-carrec-d-el-litre-a-la-fira-i-festes-2019-de-bunyol\/","title":{"rendered":"Tancament musical i floral a c\u00e0rrec d &#8216; \u00abEl Litre\u00bb a la Fira i Festes 2019 de Bunyol"},"content":{"rendered":"<p>Bunyol entra a la recta final de la seua Fira i Festes 2019. Aquest dissabte, 1 de setembre, est\u00e0 programada la Festa d &#8216; \u00abEl Litre\u00bb, celebraci\u00f3 protagonitzada pel CIM \u00abL&#8217;Arm\u00f2nica\u00bb en la que lluiran les Misses Esther Furriol Ochea i la nena Gema Clemente Agustina, aix\u00ed com la representant Paula Ram\u00f3n Mart\u00ednez.<\/p>\n<p>Al mat\u00ed, al voltant de les 13,00 hores, est\u00e0 programada l&#8217;ofrena de flors i fruits a la Mare de D\u00e9u dels Desemparats, mentre que a la tarda, a partir de les 19,30 hores, comen\u00e7ar\u00e0 la cavalcada.<\/p>\n<p>A m\u00e9s el diumenge 1, a les 12,00 hores, comen\u00e7ar\u00e0 el tercer concurs de desfilades de bandes en qu\u00e8 participaran les dues agrupacions locals juntament amb La Uni\u00f3 Musical Millarense de Millars; la SIM \u00abLa Primitiva\u00bb d&#8217;Alborache; el CIM \u00abSanta Cec\u00edlia\u00bb de Y\u00e1tova; La Uni\u00f3 Musical de Y\u00e1tova; i La SM \u00abSant Joan Baptista\u00bb de Loriguilla.<\/p>\n<p>A la tarda, a les 20,30 hores, comen\u00e7ar\u00e0 la popular batalla de flors, una desfilada presidit per la Reina de les Festes, Carmen mar\u00e7 Belda. Dilluns, dia 2, es tancaran les festes amb la missa de comiat a Sant Llu\u00eds (20,00 hores), amb el trasllat del sant (21,00 hores) i el castell de focs artificials a les 22,00 hores que posar\u00e0 fi a les festes.<\/p>\n","protected":false},"excerpt":{"rendered":"<div class=\"mh-excerpt\">Bunyol entra a la recta final de la seua Fira i Festes 2019. Aquest dissabte, 1 de setembre, est\u00e0 programada la Festa d &#8216; \u00abEl Litre\u00bb, celebraci\u00f3 protagonitzada pel CIM \u00abL&#8217;Arm\u00f2nica\u00bb en la que lluiran <a class=\"mh-excerpt-more\" href=\"https:\/\/www.tucomarca.com\/wordpress\/segunda\/ca\/tancament-musical-i-floral-a-carrec-d-el-litre-a-la-fira-i-festes-2019-de-bunyol\/\" title=\"Tancament musical i floral a c\u00e0rrec d &#8216; \u00abEl Litre\u00bb a la Fira i Festes 2019 de Bunyol\">[+] <\/a><\/div>\n","protected":false},"author":1,"featured_media":91528,"comment_status":"open","ping_status":"open","sticky":false,"template":"","format":"standard","meta":{"footnotes":""},"categories":[10911,11005,10898,10904,10912,11004,11007,11008,10895,10896],"tags":[11314,11179],"class_list":{"0":"post-91530","1":"post","2":"type-post","3":"status-publish","4":"format-standard","5":"has-post-thumbnail","7":"category-bunol-ca","8":"category-canal-musica","9":"category-ventana-ca","10":"category-sin-categorizar-ca","11":"category-la-hoya-ca","12":"category-la-semana-en-imagenes-ca","13":"category-ocio-y-cultura-ca","14":"category-pueblos-en-fiestas-ca","15":"category-premsavalenciana-ca","16":"category-seccion-ca","17":"tag-bunyol-ca","18":"tag-fira-i-festes"},"_links":{"self":[{"href":"https:\/\/www.tucomarca.com\/wordpress\/segunda\/ca\/wp-json\/wp\/v2\/posts\/91530","targetHints":{"allow":["GET"]}}],"collection":[{"href":"https:\/\/www.tucomarca.com\/wordpress\/segunda\/ca\/wp-json\/wp\/v2\/posts"}],"about":[{"href":"https:\/\/www.tucomarca.com\/wordpress\/segunda\/ca\/wp-json\/wp\/v2\/types\/post"}],"author":[{"embeddable":true,"href":"https:\/\/www.tucomarca.com\/wordpress\/segunda\/ca\/wp-json\/wp\/v2\/users\/1"}],"replies":[{"embeddable":true,"href":"https:\/\/www.tucomarca.com\/wordpress\/segunda\/ca\/wp-json\/wp\/v2\/comments?post=91530"}],"version-history":[{"count":0,"href":"https:\/\/www.tucomarca.com\/wordpress\/segunda\/ca\/wp-json\/wp\/v2\/posts\/91530\/revisions"}],"wp:featuredmedia":[{"embeddable":true,"href":"https:\/\/www.tucomarca.com\/wordpress\/segunda\/ca\/wp-json\/wp\/v2\/media\/91528"}],"wp:attachment":[{"href":"https:\/\/www.tucomarca.com\/wordpress\/segunda\/ca\/wp-json\/wp\/v2\/media?parent=91530"}],"wp:term":[{"taxonomy":"category","embeddable":true,"href":"https:\/\/www.tucomarca.com\/wordpress\/segunda\/ca\/wp-json\/wp\/v2\/categories?post=91530"},{"taxonomy":"post_tag","embeddable":true,"href":"https:\/\/www.tucomarca.com\/wordpress\/segunda\/ca\/wp-json\/wp\/v2\/tags?post=91530"}],"curies":[{"name":"wp","href":"https:\/\/api.w.org\/{rel}","templated":true}]}}