{"id":92098,"date":"2019-09-06T19:37:55","date_gmt":"2019-09-06T17:37:55","guid":{"rendered":"http:\/\/www.tucomarca.com\/wordpress\/segunda\/?p=92098"},"modified":"2019-09-06T19:37:55","modified_gmt":"2019-09-06T17:37:55","slug":"el-cinema-destiu-i-estiu-a-la-torre-2019-congreguen-a-mes-de-22-400-espectadors","status":"publish","type":"post","link":"https:\/\/www.tucomarca.com\/wordpress\/segunda\/ca\/el-cinema-destiu-i-estiu-a-la-torre-2019-congreguen-a-mes-de-22-400-espectadors\/","title":{"rendered":"El Cinema d&#8217;Estiu i Estiu a la Torre 2019 congreguen a m\u00e9s de 22.400 espectadors"},"content":{"rendered":"<figure id=\"attachment_92095\" aria-describedby=\"caption-attachment-92095\" style=\"width: 337px\" class=\"wp-caption alignnone\"><img loading=\"lazy\" decoding=\"async\" class=\" wp-image-92095\" src=\"http:\/\/www.tucomarca.com\/wordpress\/segunda\/wp-content\/uploads\/2019\/09\/Estiu-a-la-Torre-2019.jpg\" alt=\"En los meses de junio, julio y agosto, l\u2019Eliana ha albergado 12 espect\u00e1culos musicales y 26 pel\u00edculas de gran renombre\" width=\"337\" height=\"253\" srcset=\"https:\/\/www.tucomarca.com\/wordpress\/segunda\/wp-content\/uploads\/2019\/09\/Estiu-a-la-Torre-2019.jpg 960w, https:\/\/www.tucomarca.com\/wordpress\/segunda\/wp-content\/uploads\/2019\/09\/Estiu-a-la-Torre-2019-300x225.jpg 300w, https:\/\/www.tucomarca.com\/wordpress\/segunda\/wp-content\/uploads\/2019\/09\/Estiu-a-la-Torre-2019-768x576.jpg 768w\" sizes=\"auto, (max-width: 337px) 100vw, 337px\" \/><figcaption id=\"caption-attachment-92095\" class=\"wp-caption-text\">En els mesos de juny, juliol i agost, l&#8217;Eliana ha albergat 12 espectacles musicals i 26 pel\u00b7l\u00edcules de gran renom<\/figcaption><\/figure>\n<p>Una vegada acabada l&#8217;\u00e8poca estival, cal fer balan\u00e7 dels dos actes culturals que han protagonitzat estes dates: el Cinema d&#8217;Estiu i el festival Estiu a la Torre 2019. Aix\u00ed, en els mesos de juny, juliol i agost, ve\u00efns de l&#8217;Eliana i d&#8217;altres municipis han pogut gaudir de 12 espectacles musicals a la Torre del Virrei, passant per la m\u00fasica africana, el jazz, el folk o el flamenc entre altres estils. Pel que fa al cinema, enguany s&#8217;han projectat 26 pel\u00b7l\u00edcules de gran renom; una cartellera que ha integrat <i>blockbusters<\/i>, cinema d&#8217;autor i cinema espanyol, dins del qual es trobava \u201cEl desentierro\u201d, pel\u00b7l\u00edcula del director elianer Nacho Ruip\u00e9rez.<\/p>\n<p>Precisament, un dels grans referents culturals de l&#8217;Eliana \u00e9s el Cinema d&#8217;Estiu, s\u00edmbol de l&#8217;\u00e8poca estival en el municipi durant m\u00e9s de 40 anys. Amb una mitjana de 330 assistents per dia, n\u2019ha superat els 500 en les projeccions de <i>Aladdin, Toy Story 4, Green Book, Lo dejo cuando quiera, El Rey Le\u00f3n <\/i>i <i>Mascotas 2<\/i>. D\u2019altra banda destaca l&#8217;\u00e8xit de pel\u00b7l\u00edcules com <i>Ha nacido una estrella, Dumbo, Una cuesti\u00f3n de g\u00e9nero, Bajo el mismo techo, \u00c9rase una vez en Hollywood <\/i>i <i>La Esp\u00eda roja<\/i>, que en diverses jornades han superat els 400 assistents.<\/p>\n<p>Aix\u00ed, les pel\u00b7l\u00edcules amb major assist\u00e8ncia de p\u00fablic han sigut <i>Toy Story 4<\/i> i <i>El Rey Le\u00f3n<\/i>, que en les seues tres jornades de projeccions van penjar el cartell de \u201cNo hi ha entrades\u201d.<\/p>\n<p>Pel que fa al festival Estiu a la Torre, es consolida com una altra de les propostes culturals m\u00e9s importants per a l&#8217;Eliana durant l&#8217;estiu. Amb una mitjana de 269 assistents per sessi\u00f3, la Torre del Virrei ha albergat les actuacions de Carmen Par\u00eds, David Pastor o Perico Sambeat entre altres grans int\u00e8rprets. Tres s\u00f3n els festivals que, com cada any, s&#8217;han celebrat en el marc de Estiu a la Torre: Cinc Segles de M\u00fasica, amb l&#8217;actuaci\u00f3 Obrigado II; les Trobades de Jazz, amb Swing from the Bottom, Film Sessions, Ester And\u00fajar i Perico Sambeat plays Zappa, i, finalment, el Festival Pinceladas Flamencas, que enguany ha celebrat la seua XVIII edici\u00f3 amb el fam\u00f3s guitarrista Juan de Pilar.<\/p>\n<p>D&#8217;altra banda, la Torre del Virrei ha acollit 2 actuacions d&#8217;agrupacions locals: l\u2019Escola Coral de l&#8217;Eliana ens va delectar amb el seu espectacle \u201cWelcome to the Coral New Age\u201d, mentre que el Cor de l&#8217;Eliana i el seu Escoleta ho va fer amb \u201cEstima com vullgues\u201d, amb motiu de la setmana de l&#8217;Orgull LGTBI+.<\/p>\n<p>L&#8217;actuaci\u00f3 amb major assist\u00e8ncia de p\u00fablic va ser la de <i>Swing from the Bottom,<\/i> amb 419 espectadors, seguida per la de Perico Sambeat i la de Juan de Pilar, cadascuna de les quals van congregar a m\u00e9s de 360 assistents.<\/p>\n<p>Sens dubte l&#8217;estiu a l&#8217;Eliana continua sent sin\u00f2nim de cultura, perqu\u00e8 tots dos esdeveniments han congregat al voltant de 22.400 espectadors. A m\u00e9s, es consolida la plataforma de venda anticipada d&#8217;entrades <i>Elientrada<\/i>, amb un creixent percentatge de venda d&#8217;entrades per a tots dos esdeveniments culturals.<\/p>\n","protected":false},"excerpt":{"rendered":"<div class=\"mh-excerpt\">Una vegada acabada l&#8217;\u00e8poca estival, cal fer balan\u00e7 dels dos actes culturals que han protagonitzat estes dates: el Cinema d&#8217;Estiu i el festival Estiu a la Torre 2019. Aix\u00ed, en els mesos de juny, juliol <a class=\"mh-excerpt-more\" href=\"https:\/\/www.tucomarca.com\/wordpress\/segunda\/ca\/el-cinema-destiu-i-estiu-a-la-torre-2019-congreguen-a-mes-de-22-400-espectadors\/\" title=\"El Cinema d&#8217;Estiu i Estiu a la Torre 2019 congreguen a m\u00e9s de 22.400 espectadors\">[+] <\/a><\/div>\n","protected":false},"author":1,"featured_media":92096,"comment_status":"open","ping_status":"open","sticky":false,"template":"","format":"standard","meta":{"footnotes":""},"categories":[10892,10894,10893,11007,10896],"tags":[10899,11172],"class_list":{"0":"post-92098","1":"post","2":"type-post","3":"status-publish","4":"format-standard","5":"has-post-thumbnail","7":"category-camp-de-turia-ca","8":"category-la-comarca-ca","9":"category-leliana-ca","10":"category-ocio-y-cultura-ca","11":"category-seccion-ca","12":"tag-camp-de-turia-ca","13":"tag-leliana-ca-2"},"_links":{"self":[{"href":"https:\/\/www.tucomarca.com\/wordpress\/segunda\/ca\/wp-json\/wp\/v2\/posts\/92098","targetHints":{"allow":["GET"]}}],"collection":[{"href":"https:\/\/www.tucomarca.com\/wordpress\/segunda\/ca\/wp-json\/wp\/v2\/posts"}],"about":[{"href":"https:\/\/www.tucomarca.com\/wordpress\/segunda\/ca\/wp-json\/wp\/v2\/types\/post"}],"author":[{"embeddable":true,"href":"https:\/\/www.tucomarca.com\/wordpress\/segunda\/ca\/wp-json\/wp\/v2\/users\/1"}],"replies":[{"embeddable":true,"href":"https:\/\/www.tucomarca.com\/wordpress\/segunda\/ca\/wp-json\/wp\/v2\/comments?post=92098"}],"version-history":[{"count":0,"href":"https:\/\/www.tucomarca.com\/wordpress\/segunda\/ca\/wp-json\/wp\/v2\/posts\/92098\/revisions"}],"wp:featuredmedia":[{"embeddable":true,"href":"https:\/\/www.tucomarca.com\/wordpress\/segunda\/ca\/wp-json\/wp\/v2\/media\/92096"}],"wp:attachment":[{"href":"https:\/\/www.tucomarca.com\/wordpress\/segunda\/ca\/wp-json\/wp\/v2\/media?parent=92098"}],"wp:term":[{"taxonomy":"category","embeddable":true,"href":"https:\/\/www.tucomarca.com\/wordpress\/segunda\/ca\/wp-json\/wp\/v2\/categories?post=92098"},{"taxonomy":"post_tag","embeddable":true,"href":"https:\/\/www.tucomarca.com\/wordpress\/segunda\/ca\/wp-json\/wp\/v2\/tags?post=92098"}],"curies":[{"name":"wp","href":"https:\/\/api.w.org\/{rel}","templated":true}]}}