{"id":92111,"date":"2019-09-10T07:43:55","date_gmt":"2019-09-10T05:43:55","guid":{"rendered":"http:\/\/www.tucomarca.com\/wordpress\/segunda\/?p=92111"},"modified":"2019-09-10T07:43:55","modified_gmt":"2019-09-10T05:43:55","slug":"silvia-torres-a-un-pas-de-regnar-en-la-falla-els-barris-de-turis","status":"publish","type":"post","link":"https:\/\/www.tucomarca.com\/wordpress\/segunda\/ca\/silvia-torres-a-un-pas-de-regnar-en-la-falla-els-barris-de-turis\/","title":{"rendered":"Silvia Torres, a un pas de regnar en la Falla Els Barris de Tur\u00eds"},"content":{"rendered":"<figure id=\"attachment_92108\" aria-describedby=\"caption-attachment-92108\" style=\"width: 527px\" class=\"wp-caption alignnone\"><img loading=\"lazy\" decoding=\"async\" class=\" wp-image-92108\" src=\"http:\/\/www.tucomarca.com\/wordpress\/segunda\/wp-content\/uploads\/2019\/09\/SilviaTorres.jpg\" alt=\"La fallera mayor de 2020d de Els Barris es Silvia Torres Borred\u00e1.\" width=\"527\" height=\"395\" srcset=\"https:\/\/www.tucomarca.com\/wordpress\/segunda\/wp-content\/uploads\/2019\/09\/SilviaTorres.jpg 4608w, https:\/\/www.tucomarca.com\/wordpress\/segunda\/wp-content\/uploads\/2019\/09\/SilviaTorres-300x225.jpg 300w, https:\/\/www.tucomarca.com\/wordpress\/segunda\/wp-content\/uploads\/2019\/09\/SilviaTorres-768x576.jpg 768w, https:\/\/www.tucomarca.com\/wordpress\/segunda\/wp-content\/uploads\/2019\/09\/SilviaTorres-1024x768.jpg 1024w\" sizes=\"auto, (max-width: 527px) 100vw, 527px\" \/><figcaption id=\"caption-attachment-92108\" class=\"wp-caption-text\">La fallera major de 2020 d&#8217;Els Barris \u00e9s Silvia Torres Borred\u00e0.<\/figcaption><\/figure>\n<p>La Falla Els Barris de Tur\u00eds ha proclamat oficialment a Silvia Torres com la seua m\u00e0xima representant per al pr\u00f2xim any. En les seues primeres paraules i despr\u00e9s de rebre el pergam\u00ed commemoratiu de mans del president, Iv\u00e1n Torres, la fallera major de 2020 va fer al\u00b7lusi\u00f3 al seu desig d\u2019 \u201cestar a l&#8217;altura per a representar a la comissi\u00f3\u201d.<\/p>\n<p>\u201cEt far\u00e0 falta paci\u00e8ncia, per\u00f2 et riur\u00e0s molt amb nosaltres\u201d, va comentar Silvia apel\u00b7lant precisament al seu company en el quadre d&#8217;honor.<\/p>\n<p>En l&#8217;acte, celebrat el dissabte 31 d&#8217;agost en el casal, tamb\u00e9 van estar presents els representants de 2019, que van felicitar els d&#8217;aquest exercici en els seus nous c\u00e0rrecs, aix\u00ed com Ainhoa Agust\u00ed i Pablo Lashayas, que viuran la seua proclamaci\u00f3 com a fallera major infantil i president infantil, en les pr\u00f2ximes setmanes.<\/p>\n<p>Ser\u00e0 al mes de febrer quan Silvia Torres relleve a Mar\u00eda Mart\u00ednez com a la m\u00e0xima representant de la comissi\u00f3 m\u00e9s longeva i nombrosa de la localitat valenciana.<\/p>\n","protected":false},"excerpt":{"rendered":"<div class=\"mh-excerpt\">La Falla Els Barris de Tur\u00eds ha proclamat oficialment a Silvia Torres com la seua m\u00e0xima representant per al pr\u00f2xim any. En les seues primeres paraules i despr\u00e9s de rebre el pergam\u00ed commemoratiu de mans <a class=\"mh-excerpt-more\" href=\"https:\/\/www.tucomarca.com\/wordpress\/segunda\/ca\/silvia-torres-a-un-pas-de-regnar-en-la-falla-els-barris-de-turis\/\" title=\"Silvia Torres, a un pas de regnar en la Falla Els Barris de Tur\u00eds\">[+] <\/a><\/div>\n","protected":false},"author":1,"featured_media":92109,"comment_status":"open","ping_status":"open","sticky":false,"template":"","format":"standard","meta":{"footnotes":""},"categories":[10904,10902,11004,11007,11008,10896,11047],"tags":[11775,11776,11093],"class_list":{"0":"post-92111","1":"post","2":"type-post","3":"status-publish","4":"format-standard","5":"has-post-thumbnail","7":"category-sin-categorizar-ca","8":"category-la-ribera-ca","9":"category-la-semana-en-imagenes-ca","10":"category-ocio-y-cultura-ca","11":"category-pueblos-en-fiestas-ca","12":"category-seccion-ca","13":"category-turis-ca","14":"tag-els-barris-ca","15":"tag-falla-ca","16":"tag-turis-ca"},"_links":{"self":[{"href":"https:\/\/www.tucomarca.com\/wordpress\/segunda\/ca\/wp-json\/wp\/v2\/posts\/92111","targetHints":{"allow":["GET"]}}],"collection":[{"href":"https:\/\/www.tucomarca.com\/wordpress\/segunda\/ca\/wp-json\/wp\/v2\/posts"}],"about":[{"href":"https:\/\/www.tucomarca.com\/wordpress\/segunda\/ca\/wp-json\/wp\/v2\/types\/post"}],"author":[{"embeddable":true,"href":"https:\/\/www.tucomarca.com\/wordpress\/segunda\/ca\/wp-json\/wp\/v2\/users\/1"}],"replies":[{"embeddable":true,"href":"https:\/\/www.tucomarca.com\/wordpress\/segunda\/ca\/wp-json\/wp\/v2\/comments?post=92111"}],"version-history":[{"count":0,"href":"https:\/\/www.tucomarca.com\/wordpress\/segunda\/ca\/wp-json\/wp\/v2\/posts\/92111\/revisions"}],"wp:featuredmedia":[{"embeddable":true,"href":"https:\/\/www.tucomarca.com\/wordpress\/segunda\/ca\/wp-json\/wp\/v2\/media\/92109"}],"wp:attachment":[{"href":"https:\/\/www.tucomarca.com\/wordpress\/segunda\/ca\/wp-json\/wp\/v2\/media?parent=92111"}],"wp:term":[{"taxonomy":"category","embeddable":true,"href":"https:\/\/www.tucomarca.com\/wordpress\/segunda\/ca\/wp-json\/wp\/v2\/categories?post=92111"},{"taxonomy":"post_tag","embeddable":true,"href":"https:\/\/www.tucomarca.com\/wordpress\/segunda\/ca\/wp-json\/wp\/v2\/tags?post=92111"}],"curies":[{"name":"wp","href":"https:\/\/api.w.org\/{rel}","templated":true}]}}